{"id":1098,"date":"2024-04-13T08:32:09","date_gmt":"2024-04-13T08:32:09","guid":{"rendered":"https:\/\/literalmex.com\/?p=1098"},"modified":"2024-04-13T08:32:09","modified_gmt":"2024-04-13T08:32:09","slug":"sicarios-atentan-contra-candidata-de-morena-en-nuevo-leon-y-hieren-a-uno","status":"publish","type":"post","link":"https:\/\/literalmex.com\/index.php\/2024\/04\/13\/sicarios-atentan-contra-candidata-de-morena-en-nuevo-leon-y-hieren-a-uno\/","title":{"rendered":"Sicarios atentan contra candidata de Morena en Nuevo Le\u00f3n y hieren a uno"},"content":{"rendered":"\n<p>Una presunta balacera durante un recorrido dej\u00f3 al menos a una persona herida del equipo de campa\u00f1a de la candidata de Morena-Partido Verde a la Alcald\u00eda de El Carmen, Graciela Villarreal, en la Colonia Buena Vista, en Nuevo Le\u00f3n. Un miembro del equipo de campa\u00f1a afirm\u00f3 que el ataque fue dirigido hacia ella mientras realizaba un recorrido casa por casa en las calles de la mencionada colonia.<\/p>\n\n\n\n<p>Seg\u00fan testigos, la agresi\u00f3n fue perpetrada por dos hombres que llegaron en una motocicleta, uno de los cuales apunt\u00f3 a la cabeza de la candidata y dispar\u00f3 al menos dos veces sin herirla. Sin embargo, un fot\u00f3grafo de su equipo de campa\u00f1a result\u00f3 herido en la parte posterior del cuello.<\/p>\n\n\n\n<p>Tras el incidente, la candidata fue trasladada a un lugar seguro, mientras que el herido fue llevado a una cl\u00ednica cercana. Un cercano a la candidata indic\u00f3 que esperar\u00e1n instrucciones del partido sobre las medidas a tomar, pero es probable que soliciten protecci\u00f3n.<\/p>\n\n\n\n<p>Aunque la candidata apenas hab\u00eda comenzado su campa\u00f1a el d\u00eda anterior y no hab\u00eda recibido amenazas previas, fuentes de Seguridad del Estado confirmaron el ataque y la lesi\u00f3n de una persona. Adem\u00e1s, se\u00f1alaron que la candidata est\u00e1 bien y contin\u00faan busc\u00e1ndola para hablar con ella.<\/p>\n\n\n\n<p>Hasta el momento, las autoridades no han confirmado si el incidente fue un ataque directo contra la candidata.<\/p>\n","protected":false},"excerpt":{"rendered":"<p>Fueron directo  y dispararon contra Graciela Villarreal, candidata de Morena-Partido Verde a la Alcald\u00eda de El Carmen<\/p>\n","protected":false},"author":1,"featured_media":1099,"comment_status":"closed","ping_status":"closed","sticky":false,"template":"","format":"standard","meta":{"twitterCardType":"","cardImageID":0,"cardImage":"","cardTitle":"","cardDesc":"","cardImageAlt":"","cardPlayer":"","cardPlayerWidth":0,"cardPlayerHeight":0,"cardPlayerStream":"","cardPlayerCodec":"","footnotes":""},"categories":[9,8],"tags":[352,237,353],"class_list":["post-1098","post","type-post","status-publish","format-standard","has-post-thumbnail","hentry","category-nacional","category-noticias","tag-graciela-villarreal","tag-nuevo-leon","tag-partido-verde"],"_links":{"self":[{"href":"https:\/\/literalmex.com\/index.php\/wp-json\/wp\/v2\/posts\/1098","targetHints":{"allow":["GET"]}}],"collection":[{"href":"https:\/\/literalmex.com\/index.php\/wp-json\/wp\/v2\/posts"}],"about":[{"href":"https:\/\/literalmex.com\/index.php\/wp-json\/wp\/v2\/types\/post"}],"author":[{"embeddable":true,"href":"https:\/\/literalmex.com\/index.php\/wp-json\/wp\/v2\/users\/1"}],"replies":[{"embeddable":true,"href":"https:\/\/literalmex.com\/index.php\/wp-json\/wp\/v2\/comments?post=1098"}],"version-history":[{"count":1,"href":"https:\/\/literalmex.com\/index.php\/wp-json\/wp\/v2\/posts\/1098\/revisions"}],"predecessor-version":[{"id":1100,"href":"https:\/\/literalmex.com\/index.php\/wp-json\/wp\/v2\/posts\/1098\/revisions\/1100"}],"wp:featuredmedia":[{"embeddable":true,"href":"https:\/\/literalmex.com\/index.php\/wp-json\/wp\/v2\/media\/1099"}],"wp:attachment":[{"href":"https:\/\/literalmex.com\/index.php\/wp-json\/wp\/v2\/media?parent=1098"}],"wp:term":[{"taxonomy":"category","embeddable":true,"href":"https:\/\/literalmex.com\/index.php\/wp-json\/wp\/v2\/categories?post=1098"},{"taxonomy":"post_tag","embeddable":true,"href":"https:\/\/literalmex.com\/index.php\/wp-json\/wp\/v2\/tags?post=1098"}],"curies":[{"name":"wp","href":"https:\/\/api.w.org\/{rel}","templated":true}]}}