{"id":1276,"date":"2024-05-27T14:24:50","date_gmt":"2024-05-27T14:24:50","guid":{"rendered":"https:\/\/literalmex.com\/?p=1276"},"modified":"2024-05-27T14:29:35","modified_gmt":"2024-05-27T14:29:35","slug":"renuncia-alejandra-del-moral-al-pri-se-va-con-claudia-sheinbaum","status":"publish","type":"post","link":"https:\/\/literalmex.com\/index.php\/2024\/05\/27\/renuncia-alejandra-del-moral-al-pri-se-va-con-claudia-sheinbaum\/","title":{"rendered":"Renuncia Alejandra del Moral al PRI, se va con Claudia Sheinbaum"},"content":{"rendered":"\n<p>Renuncia Alejandra del Moral al PRI, se va a Morena a apoyar la campa\u00f1a de Claudia Sheinbaum Pardo, as\u00ed lo anunci\u00f3 este lunes mediante una carta donde se dice decepcionada por la conducci\u00f3n del partido.<\/p>\n\n\n\n<p>En febrero la ex candidata a la gubernatura del Estado de M\u00e9xico anunci\u00f3 que no buscar\u00eda una curul en la C\u00e1mara de Diputados con el Partido Revolucionario Institucional (PRI) para as\u00ed darle paso a la juventud, especialmente mujeres, del Estado de M\u00e9xico para que participe en las elecciones del pr\u00f3ximo domingo 2 de junio.<\/p>\n\n\n\n<p>Por medio de una carta dirigida al presidente nacional del tricolor, Alejandro Alito Moreno C\u00e1rdenas, la pol\u00edtica mexiquense reconoci\u00f3 los valores que ha aprehendido en su m\u00e1s de 20 a\u00f1os como militante del instituto pol\u00edtico, adem\u00e1s de que reconoci\u00f3 de la fuerza pol\u00edtica de su entidad al interior del partido, ahora es otra historia.<\/p>\n\n\n\n<p>\u201cHa sido su base militante la que no titubea, que no se achica, que no TRAICIONA, que est\u00e1 en las buenas y en las malas, con la que yo he caminado de la mano durante m\u00e1s de 20 a\u00f1os y con la que juntos logramos m\u00e1s de 1.7 millones de votos en la pasada contienda. Votos que hoy representan el 20% de la votaci\u00f3n nacional que el PRI tiene en todo el pa\u00eds\u201d, refiri\u00f3 en el texto enviado el martes 20 de febrero.<\/p>\n\n\n\n<p><\/p>\n","protected":false},"excerpt":{"rendered":"<p>En febrero la ex candidata a la gubernatura del Estado de M\u00e9xico anunci\u00f3 que no buscar\u00eda una curul en la C\u00e1mara de Diputados<\/p>\n","protected":false},"author":1,"featured_media":1277,"comment_status":"closed","ping_status":"closed","sticky":false,"template":"","format":"standard","meta":{"twitterCardType":"","cardImageID":0,"cardImage":"","cardTitle":"","cardDesc":"","cardImageAlt":"","cardPlayer":"","cardPlayerWidth":0,"cardPlayerHeight":0,"cardPlayerStream":"","cardPlayerCodec":"","footnotes":""},"categories":[9,8],"tags":[417,71,129,339,418,197,296],"class_list":["post-1276","post","type-post","status-publish","format-standard","has-post-thumbnail","hentry","category-nacional","category-noticias","tag-alejandra-del-moral","tag-alejandro-moreno","tag-claudia-sheinbaum","tag-edomex","tag-estado-de-mexico","tag-morena","tag-pri"],"_links":{"self":[{"href":"https:\/\/literalmex.com\/index.php\/wp-json\/wp\/v2\/posts\/1276","targetHints":{"allow":["GET"]}}],"collection":[{"href":"https:\/\/literalmex.com\/index.php\/wp-json\/wp\/v2\/posts"}],"about":[{"href":"https:\/\/literalmex.com\/index.php\/wp-json\/wp\/v2\/types\/post"}],"author":[{"embeddable":true,"href":"https:\/\/literalmex.com\/index.php\/wp-json\/wp\/v2\/users\/1"}],"replies":[{"embeddable":true,"href":"https:\/\/literalmex.com\/index.php\/wp-json\/wp\/v2\/comments?post=1276"}],"version-history":[{"count":2,"href":"https:\/\/literalmex.com\/index.php\/wp-json\/wp\/v2\/posts\/1276\/revisions"}],"predecessor-version":[{"id":1279,"href":"https:\/\/literalmex.com\/index.php\/wp-json\/wp\/v2\/posts\/1276\/revisions\/1279"}],"wp:featuredmedia":[{"embeddable":true,"href":"https:\/\/literalmex.com\/index.php\/wp-json\/wp\/v2\/media\/1277"}],"wp:attachment":[{"href":"https:\/\/literalmex.com\/index.php\/wp-json\/wp\/v2\/media?parent=1276"}],"wp:term":[{"taxonomy":"category","embeddable":true,"href":"https:\/\/literalmex.com\/index.php\/wp-json\/wp\/v2\/categories?post=1276"},{"taxonomy":"post_tag","embeddable":true,"href":"https:\/\/literalmex.com\/index.php\/wp-json\/wp\/v2\/tags?post=1276"}],"curies":[{"name":"wp","href":"https:\/\/api.w.org\/{rel}","templated":true}]}}