{"id":1317,"date":"2024-06-07T13:42:44","date_gmt":"2024-06-07T13:42:44","guid":{"rendered":"https:\/\/literalmex.com\/?p=1317"},"modified":"2024-06-07T13:42:45","modified_gmt":"2024-06-07T13:42:45","slug":"mercados-se-imponen-claudia-frena-a-morena-en-reformas-de-control-judicial-electoral-y-mas","status":"publish","type":"post","link":"https:\/\/literalmex.com\/index.php\/2024\/06\/07\/mercados-se-imponen-claudia-frena-a-morena-en-reformas-de-control-judicial-electoral-y-mas\/","title":{"rendered":"Mercados se imponen, Claudia frena a Morena en reformas de control judicial, electoral y m\u00e1s"},"content":{"rendered":"\n<p>La virtual presidenta Claudia Sheinbaum Pardo, ante la inquietud de los mercados, corrigi\u00f3 a los legisladores de Morena que hab\u00edan asegurado que en septiembre se aprobar\u00edan las 18 reformas constitucionales, entre ellas la reforma al Poder Judicial que propone la elecci\u00f3n de jueces y ministros de la Corte mediante voto popular, enviadas por el presidente Andr\u00e9s Manuel L\u00f3pez Obrador, una vez que se instale la mayor\u00eda calificada de Morena y sus aliados en el Congreso.<\/p>\n\n\n\n<p>En una entrevista con los medios, Sheinbaum declar\u00f3 que &#8220;todav\u00eda no est\u00e1 definido&#8221; el proceso de aprobaci\u00f3n de la reforma al Poder Judicial, as\u00ed como del paquete de reformas conocido como plan C, el cual, seg\u00fan ella, &#8220;tendr\u00e1 que debatirse en un parlamento abierto, en el que se establezca un di\u00e1logo para que la propuesta se eval\u00fae y, en su momento, aprobarse&#8221;.<\/p>\n\n\n\n<p>\u201cNo se va a afectar a nadie. Y mi opini\u00f3n es que tiene que abrirse un proceso para que se conozca bien la propuesta\u201d, se\u00f1al\u00f3 Sheinbaum, despu\u00e9s de que el coordinador de los diputados de Morena, Ignacio Mier, declarara que, conforme al reglamento de la C\u00e1mara de Diputados y por acuerdo de la Junta de Coordinaci\u00f3n Pol\u00edtica, est\u00e1n vigentes para aprobarse las 18 reformas a la Constituci\u00f3n enviadas por L\u00f3pez Obrador y respaldadas durante la campa\u00f1a por Sheinbaum.<\/p>\n\n\n\n<p>Entre estas reformas se encuentran la eliminaci\u00f3n de los \u00f3rganos aut\u00f3nomos y la reforma al Instituto Nacional Electoral, que busca que los consejeros electorales sean elegidos mediante voto popular, as\u00ed como la eliminaci\u00f3n de los legisladores plurinominales.<\/p>\n\n\n\n<p>No obstante, despu\u00e9s de que este anuncio disparara el tipo de cambio a casi 18 pesos por d\u00f3lar, el diputado Mier retrocedi\u00f3 en entrevistas radiof\u00f3nicas, afirmando: \u201cNo podemos anunciar algo que atente contra cuidar la econom\u00eda de M\u00e9xico\u201d.<\/p>\n\n\n\n<p>Sheinbaum insisti\u00f3 en que debe abrirse el di\u00e1logo sobre la reforma al Poder Judicial, cuyo enlace ser\u00e1 el exministro de la Corte Arturo Zald\u00edvar.<\/p>\n\n\n\n<p>Por su parte, el l\u00edder de Morena en la C\u00e1mara Alta, Ricardo Monreal, suaviz\u00f3 su postura desde la tribuna del Senado, en respuesta a una pregunta de la priista Beatriz Paredes, asegurando que, como futuro integrante de la C\u00e1mara de Diputados en la siguiente legislatura, habr\u00e1 di\u00e1logo y no se aprobar\u00e1 ninguna reforma &#8220;a rajatabla&#8221;.<\/p>\n\n\n\n<p>Seg\u00fan Monreal, la candidata y ahora virtual presidenta electa, afirm\u00f3 durante su campa\u00f1a que habr\u00eda una actitud de respeto, tolerancia y di\u00e1logo con todos los sectores de la poblaci\u00f3n. \u201cNo fallar\u00e1 a su palabra. Y en la ma\u00f1ana afirmamos tambi\u00e9n que hay una agenda legislativa que plante\u00f3 la candidata, y que fue a las urnas, pero no nos vamos a precipitar y vamos a platicar y conversar con todos los sectores. Aprobaremos las reformas constitucionales que sirvan a la poblaci\u00f3n y a la gobernabilidad\u201d, aclar\u00f3.<\/p>\n","protected":false},"excerpt":{"rendered":"<p>&#8220;A\u00fan no est\u00e1 definido, tendr\u00e1n que debatirse en un parlamento abierto&#8221; declar\u00f3 la virtual presidenta en un intento por calmar al d\u00f3lar y a las bolsas. <\/p>\n","protected":false},"author":1,"featured_media":1318,"comment_status":"closed","ping_status":"closed","sticky":false,"template":"","format":"standard","meta":{"twitterCardType":"","cardImageID":0,"cardImage":"","cardTitle":"","cardDesc":"","cardImageAlt":"","cardPlayer":"","cardPlayerWidth":0,"cardPlayerHeight":0,"cardPlayerStream":"","cardPlayerCodec":"","footnotes":""},"categories":[9,8],"tags":[129],"class_list":["post-1317","post","type-post","status-publish","format-standard","has-post-thumbnail","hentry","category-nacional","category-noticias","tag-claudia-sheinbaum"],"_links":{"self":[{"href":"https:\/\/literalmex.com\/index.php\/wp-json\/wp\/v2\/posts\/1317","targetHints":{"allow":["GET"]}}],"collection":[{"href":"https:\/\/literalmex.com\/index.php\/wp-json\/wp\/v2\/posts"}],"about":[{"href":"https:\/\/literalmex.com\/index.php\/wp-json\/wp\/v2\/types\/post"}],"author":[{"embeddable":true,"href":"https:\/\/literalmex.com\/index.php\/wp-json\/wp\/v2\/users\/1"}],"replies":[{"embeddable":true,"href":"https:\/\/literalmex.com\/index.php\/wp-json\/wp\/v2\/comments?post=1317"}],"version-history":[{"count":1,"href":"https:\/\/literalmex.com\/index.php\/wp-json\/wp\/v2\/posts\/1317\/revisions"}],"predecessor-version":[{"id":1319,"href":"https:\/\/literalmex.com\/index.php\/wp-json\/wp\/v2\/posts\/1317\/revisions\/1319"}],"wp:featuredmedia":[{"embeddable":true,"href":"https:\/\/literalmex.com\/index.php\/wp-json\/wp\/v2\/media\/1318"}],"wp:attachment":[{"href":"https:\/\/literalmex.com\/index.php\/wp-json\/wp\/v2\/media?parent=1317"}],"wp:term":[{"taxonomy":"category","embeddable":true,"href":"https:\/\/literalmex.com\/index.php\/wp-json\/wp\/v2\/categories?post=1317"},{"taxonomy":"post_tag","embeddable":true,"href":"https:\/\/literalmex.com\/index.php\/wp-json\/wp\/v2\/tags?post=1317"}],"curies":[{"name":"wp","href":"https:\/\/api.w.org\/{rel}","templated":true}]}}