{"id":1399,"date":"2024-06-22T19:49:22","date_gmt":"2024-06-22T19:49:22","guid":{"rendered":"https:\/\/literalmex.com\/?p=1399"},"modified":"2024-06-22T19:49:23","modified_gmt":"2024-06-22T19:49:23","slug":"escoba-de-plata-a-la-central-de-abasto-cdmx-por-procesamiento-de-residuos-organicos","status":"publish","type":"post","link":"https:\/\/literalmex.com\/index.php\/2024\/06\/22\/escoba-de-plata-a-la-central-de-abasto-cdmx-por-procesamiento-de-residuos-organicos\/","title":{"rendered":"\u201cEscoba de Plata\u201d a la Central de Abasto CDMX por procesamiento de residuos org\u00e1nicos"},"content":{"rendered":"\n<p>La Central de Abasto de la Ciudad de M\u00e9xico fue galardonada con la Escoba de Plata en el XIX Concurso Escobas 2024.&nbsp;<\/p>\n\n\n\n<p>Este reconocimiento se debe a la implementaci\u00f3n de una innovadora l\u00ednea de selecci\u00f3n de residuos org\u00e1nicos con una capacidad de procesamiento de 500 toneladas diarias.&nbsp;<\/p>\n\n\n\n<p>Gracias a esta iniciativa, se aprovecha la materia org\u00e1nica para producir biog\u00e1s y composta, contribuyendo significativamente a la gesti\u00f3n eficiente de los residuos.<\/p>\n\n\n\n<p>La Dra. Marcela Villegas Silva, Coordinadora General de la Central de Abasto celebr\u00f3 este importante logro hacia la sostenibilidad<\/p>\n","protected":false},"excerpt":{"rendered":"<p>El reconocimiento a la administraci\u00f3n de Marcela Villegas se otorg\u00f3 por la innovadora l\u00ednea de selecci\u00f3n de residuos org\u00e1nicos.<\/p>\n","protected":false},"author":1,"featured_media":1400,"comment_status":"closed","ping_status":"closed","sticky":false,"template":"","format":"standard","meta":{"twitterCardType":"","cardImageID":0,"cardImage":"","cardTitle":"","cardDesc":"","cardImageAlt":"","cardPlayer":"","cardPlayerWidth":0,"cardPlayerHeight":0,"cardPlayerStream":"","cardPlayerCodec":"","footnotes":""},"categories":[10,9,8],"tags":[],"class_list":["post-1399","post","type-post","status-publish","format-standard","has-post-thumbnail","hentry","category-ciudad","category-nacional","category-noticias"],"_links":{"self":[{"href":"https:\/\/literalmex.com\/index.php\/wp-json\/wp\/v2\/posts\/1399","targetHints":{"allow":["GET"]}}],"collection":[{"href":"https:\/\/literalmex.com\/index.php\/wp-json\/wp\/v2\/posts"}],"about":[{"href":"https:\/\/literalmex.com\/index.php\/wp-json\/wp\/v2\/types\/post"}],"author":[{"embeddable":true,"href":"https:\/\/literalmex.com\/index.php\/wp-json\/wp\/v2\/users\/1"}],"replies":[{"embeddable":true,"href":"https:\/\/literalmex.com\/index.php\/wp-json\/wp\/v2\/comments?post=1399"}],"version-history":[{"count":1,"href":"https:\/\/literalmex.com\/index.php\/wp-json\/wp\/v2\/posts\/1399\/revisions"}],"predecessor-version":[{"id":1401,"href":"https:\/\/literalmex.com\/index.php\/wp-json\/wp\/v2\/posts\/1399\/revisions\/1401"}],"wp:featuredmedia":[{"embeddable":true,"href":"https:\/\/literalmex.com\/index.php\/wp-json\/wp\/v2\/media\/1400"}],"wp:attachment":[{"href":"https:\/\/literalmex.com\/index.php\/wp-json\/wp\/v2\/media?parent=1399"}],"wp:term":[{"taxonomy":"category","embeddable":true,"href":"https:\/\/literalmex.com\/index.php\/wp-json\/wp\/v2\/categories?post=1399"},{"taxonomy":"post_tag","embeddable":true,"href":"https:\/\/literalmex.com\/index.php\/wp-json\/wp\/v2\/tags?post=1399"}],"curies":[{"name":"wp","href":"https:\/\/api.w.org\/{rel}","templated":true}]}}