{"id":1456,"date":"2024-07-15T19:45:52","date_gmt":"2024-07-15T19:45:52","guid":{"rendered":"https:\/\/literalmex.com\/?p=1456"},"modified":"2024-07-15T19:47:31","modified_gmt":"2024-07-15T19:47:31","slug":"falso-la-venta-de-espacios-en-central-de-abasto-se-combate-abuso-de-concesiones-y-contratos-ficeda","status":"publish","type":"post","link":"https:\/\/literalmex.com\/index.php\/2024\/07\/15\/falso-la-venta-de-espacios-en-central-de-abasto-se-combate-abuso-de-concesiones-y-contratos-ficeda\/","title":{"rendered":"Falso la venta de espacios en Central de Abasto, se combate abuso de concesiones y contratos: Ficeda\u00a0"},"content":{"rendered":"\n<p>La Central de Abasto de la CDMX (CEDA) no ha vendido ning\u00fan espacio dentro de sus l\u00edmites (pol\u00edgono), ni pretende hacerlo, inform\u00f3 la oficina de la <strong>Dra. Marcela Villegas Silva<\/strong>, Coordinadora General de la Central de Abasto.&nbsp;<\/p>\n\n\n\n<p>En fechas recientes se difundi\u00f3 informaci\u00f3n falsa al respecto. La CEDA inform\u00f3 mediante un comunicado, que el terreno donde opera un Centro de Verificaci\u00f3n y una B\u00e1scula, est\u00e1 siendo ocupado ilegalmente, ya que su contrato venci\u00f3 desde finales del 2023.<\/p>\n\n\n\n<p>De igual forma es ileg\u00edtima la representaci\u00f3n de <strong>Mart\u00edn Jim\u00e9nez<\/strong>, ya que la terminaci\u00f3n de dicho contrato ha sido legalmente notificada, sin embargo, los ocupantes del predio se han negado a desocupar el bien, por intereses particulares.&nbsp;<\/p>\n\n\n\n<p>Asimismo, se precisa que la <em>Coordinaci\u00f3n General de la Central de Abasto<\/em>, en t\u00e9rminos de lo establecido por el art\u00edculo 148 fracci\u00f3n IV del Reglamento Interior del Poder Ejecutivo y de la Administraci\u00f3n P\u00fablica de la Ciudad de M\u00e9xico, cuenta con facultades para llevar a cabo el procedimiento administrativo de Asignaci\u00f3n de Derechos de Uso y Aprovechamiento\u00a0 de bodegas, locales, terrenos y espacios comerciales que conforman la poligonal de la Central de Abasto.<\/p>\n\n\n\n<figure class=\"wp-block-gallery has-nested-images columns-default is-cropped wp-block-gallery-1 is-layout-flex wp-block-gallery-is-layout-flex\">\n<figure class=\"wp-block-image size-large\"><img fetchpriority=\"high\" decoding=\"async\" width=\"1024\" height=\"577\" data-id=\"1460\" src=\"https:\/\/literalmex.com\/wp-content\/uploads\/2024\/07\/Julio-Serna-2-1024x577.jpg\" alt=\"\" class=\"wp-image-1460\" srcset=\"https:\/\/literalmex.com\/wp-content\/uploads\/2024\/07\/Julio-Serna-2-1024x577.jpg 1024w, https:\/\/literalmex.com\/wp-content\/uploads\/2024\/07\/Julio-Serna-2-300x169.jpg 300w, https:\/\/literalmex.com\/wp-content\/uploads\/2024\/07\/Julio-Serna-2-768x432.jpg 768w, https:\/\/literalmex.com\/wp-content\/uploads\/2024\/07\/Julio-Serna-2-1536x865.jpg 1536w, https:\/\/literalmex.com\/wp-content\/uploads\/2024\/07\/Julio-Serna-2.jpg 1918w\" sizes=\"(max-width: 1024px) 100vw, 1024px\" \/><\/figure>\n\n\n\n<figure class=\"wp-block-image size-large\"><img decoding=\"async\" width=\"1024\" height=\"577\" data-id=\"1461\" src=\"https:\/\/literalmex.com\/wp-content\/uploads\/2024\/07\/Julio-Serna-4-1024x577.jpg\" alt=\"\" class=\"wp-image-1461\" srcset=\"https:\/\/literalmex.com\/wp-content\/uploads\/2024\/07\/Julio-Serna-4-1024x577.jpg 1024w, https:\/\/literalmex.com\/wp-content\/uploads\/2024\/07\/Julio-Serna-4-300x169.jpg 300w, https:\/\/literalmex.com\/wp-content\/uploads\/2024\/07\/Julio-Serna-4-768x432.jpg 768w, https:\/\/literalmex.com\/wp-content\/uploads\/2024\/07\/Julio-Serna-4-1536x865.jpg 1536w, https:\/\/literalmex.com\/wp-content\/uploads\/2024\/07\/Julio-Serna-4.jpg 1918w\" sizes=\"(max-width: 1024px) 100vw, 1024px\" \/><\/figure>\n\n\n\n<figure class=\"wp-block-image size-large\"><img decoding=\"async\" width=\"1024\" height=\"576\" data-id=\"1459\" src=\"https:\/\/literalmex.com\/wp-content\/uploads\/2024\/07\/Julio-Serna-3-1024x576.jpg\" alt=\"\" class=\"wp-image-1459\" srcset=\"https:\/\/literalmex.com\/wp-content\/uploads\/2024\/07\/Julio-Serna-3-1024x576.jpg 1024w, https:\/\/literalmex.com\/wp-content\/uploads\/2024\/07\/Julio-Serna-3-300x169.jpg 300w, https:\/\/literalmex.com\/wp-content\/uploads\/2024\/07\/Julio-Serna-3-768x432.jpg 768w, https:\/\/literalmex.com\/wp-content\/uploads\/2024\/07\/Julio-Serna-3-1536x864.jpg 1536w, https:\/\/literalmex.com\/wp-content\/uploads\/2024\/07\/Julio-Serna-3.jpg 1920w\" sizes=\"(max-width: 1024px) 100vw, 1024px\" \/><\/figure>\n\n\n\n<figure class=\"wp-block-image size-large\"><img loading=\"lazy\" decoding=\"async\" width=\"1024\" height=\"576\" data-id=\"1458\" src=\"https:\/\/literalmex.com\/wp-content\/uploads\/2024\/07\/Julio-Serna-1-1024x576.jpg\" alt=\"\" class=\"wp-image-1458\" srcset=\"https:\/\/literalmex.com\/wp-content\/uploads\/2024\/07\/Julio-Serna-1-1024x576.jpg 1024w, https:\/\/literalmex.com\/wp-content\/uploads\/2024\/07\/Julio-Serna-1-300x169.jpg 300w, https:\/\/literalmex.com\/wp-content\/uploads\/2024\/07\/Julio-Serna-1-768x432.jpg 768w, https:\/\/literalmex.com\/wp-content\/uploads\/2024\/07\/Julio-Serna-1-1536x864.jpg 1536w, https:\/\/literalmex.com\/wp-content\/uploads\/2024\/07\/Julio-Serna-1.jpg 1920w\" sizes=\"(max-width: 1024px) 100vw, 1024px\" \/><\/figure>\n<\/figure>\n\n\n\n<p>Por \u00faltimo el comunicado aclara que en la administraci\u00f3n de <strong>Julio Cesar Serna<\/strong> fueron concesionados hasta el 2027, diversos servicios que se prestan en la CEDA, entre los que se encuentra el estacionamiento del \u00e1rea de Subasta y Pernocta, sin que la Coordinaci\u00f3n o Administraci\u00f3n de la Central de Abasto tengan injerencia o intervenci\u00f3n alguna respecto de los cobros.<\/p>\n\n\n\n<figure class=\"wp-block-image size-large\"><img loading=\"lazy\" decoding=\"async\" width=\"791\" height=\"1024\" src=\"https:\/\/literalmex.com\/wp-content\/uploads\/2024\/07\/CEDA-concesiones-ilegales-y-Julio-Serna-791x1024.jpg\" alt=\"\" class=\"wp-image-1457\" srcset=\"https:\/\/literalmex.com\/wp-content\/uploads\/2024\/07\/CEDA-concesiones-ilegales-y-Julio-Serna-791x1024.jpg 791w, https:\/\/literalmex.com\/wp-content\/uploads\/2024\/07\/CEDA-concesiones-ilegales-y-Julio-Serna-232x300.jpg 232w, https:\/\/literalmex.com\/wp-content\/uploads\/2024\/07\/CEDA-concesiones-ilegales-y-Julio-Serna-768x994.jpg 768w, https:\/\/literalmex.com\/wp-content\/uploads\/2024\/07\/CEDA-concesiones-ilegales-y-Julio-Serna-1187x1536.jpg 1187w, https:\/\/literalmex.com\/wp-content\/uploads\/2024\/07\/CEDA-concesiones-ilegales-y-Julio-Serna.jpg 1545w\" sizes=\"(max-width: 791px) 100vw, 791px\" \/><\/figure>\n","protected":false},"excerpt":{"rendered":"<p>Predios con contratos vencidos se niegan a desocuparlos. Julio Serna en la administraci\u00f3n de Mancera concesion\u00f3 estacionamientos y servicios hasta el 2027: Marcela Villegas<\/p>\n","protected":false},"author":1,"featured_media":1462,"comment_status":"closed","ping_status":"closed","sticky":false,"template":"","format":"standard","meta":{"twitterCardType":"","cardImageID":0,"cardImage":"","cardTitle":"","cardDesc":"","cardImageAlt":"","cardPlayer":"","cardPlayerWidth":0,"cardPlayerHeight":0,"cardPlayerStream":"","cardPlayerCodec":"","footnotes":""},"categories":[10,9,8],"tags":[130,478,479,480],"class_list":["post-1456","post","type-post","status-publish","format-standard","has-post-thumbnail","hentry","category-ciudad","category-nacional","category-noticias","tag-central-de-abasto","tag-julio-serna","tag-martin-jimenez","tag-miguel-mancera"],"_links":{"self":[{"href":"https:\/\/literalmex.com\/index.php\/wp-json\/wp\/v2\/posts\/1456","targetHints":{"allow":["GET"]}}],"collection":[{"href":"https:\/\/literalmex.com\/index.php\/wp-json\/wp\/v2\/posts"}],"about":[{"href":"https:\/\/literalmex.com\/index.php\/wp-json\/wp\/v2\/types\/post"}],"author":[{"embeddable":true,"href":"https:\/\/literalmex.com\/index.php\/wp-json\/wp\/v2\/users\/1"}],"replies":[{"embeddable":true,"href":"https:\/\/literalmex.com\/index.php\/wp-json\/wp\/v2\/comments?post=1456"}],"version-history":[{"count":2,"href":"https:\/\/literalmex.com\/index.php\/wp-json\/wp\/v2\/posts\/1456\/revisions"}],"predecessor-version":[{"id":1465,"href":"https:\/\/literalmex.com\/index.php\/wp-json\/wp\/v2\/posts\/1456\/revisions\/1465"}],"wp:featuredmedia":[{"embeddable":true,"href":"https:\/\/literalmex.com\/index.php\/wp-json\/wp\/v2\/media\/1462"}],"wp:attachment":[{"href":"https:\/\/literalmex.com\/index.php\/wp-json\/wp\/v2\/media?parent=1456"}],"wp:term":[{"taxonomy":"category","embeddable":true,"href":"https:\/\/literalmex.com\/index.php\/wp-json\/wp\/v2\/categories?post=1456"},{"taxonomy":"post_tag","embeddable":true,"href":"https:\/\/literalmex.com\/index.php\/wp-json\/wp\/v2\/tags?post=1456"}],"curies":[{"name":"wp","href":"https:\/\/api.w.org\/{rel}","templated":true}]}}