{"id":1640,"date":"2024-09-12T18:35:18","date_gmt":"2024-09-12T18:35:18","guid":{"rendered":"https:\/\/literalmex.com\/?p=1640"},"modified":"2024-09-12T18:35:19","modified_gmt":"2024-09-12T18:35:19","slug":"culiacan-secuestrado-y-la-autoridad-guardada-2","status":"publish","type":"post","link":"https:\/\/literalmex.com\/index.php\/2024\/09\/12\/culiacan-secuestrado-y-la-autoridad-guardada-2\/","title":{"rendered":"Culiac\u00e1n secuestrado y la autoridad \u201cguardada\u201d"},"content":{"rendered":"\n<p>Oswaldo Villase\u00f1or Pacheco<\/p>\n\n\n\n<p class=\"has-text-align-right\"><em>La tolerancia llegar\u00e1 a tal nivel que las personas inteligentes tendr\u00e1n prohibido pensar para no ofender a los imb\u00e9ciles\u201d. Frase de Fi\u00f3dor Dostoyeski.<\/em><\/p>\n\n\n\n<p>Culiac\u00e1n y algunas otras regiones en otros 3 municipios de Sinaloa vivieron ayer una noche negra. Fue la peor batalla en 4 d\u00edas ya de enfrentamientos entre La Chapiza-gente de los Guzm\u00e1n- y La Mayiza -gente de El Mayo-. Los videos de las escenas, de los recorridos y de los enfrentamientos, de las bajas de unos y otros, que los mismos sicarios divulgan en las redes sociales, as\u00ed lo dicen.<\/p>\n\n\n\n<p>El propio gober Rub\u00e9n Rocha en su cuenta de X a las 5:52 de la ma\u00f1ana, subi\u00f3 el siguiente mensaje.<\/p>\n\n\n\n<p>\u201cInformo a la sociedad sinaloense, que se suspenden las actividades escolares en los municipios de Culiac\u00e1n, Elota, Cosal\u00e1 y San Ignacio, el d\u00eda de hoy 12 de septiembre de 2024, en todos los niveles y modalidades educativas\u201d.<\/p>\n\n\n\n<p>Hasta ah\u00ed el mensaje.<\/p>\n\n\n\n<p>Hoy no hubo ni necesidad de insistir en que la ciudad de Culiac\u00e1n estaba en paz y pedir por en\u00e9sima vez a la gente que salga a las calles y a los padres de familia llevar a sus hijos a las escuelas. Culiac\u00e1n vivi\u00f3 su peor noche desde hace 4 d\u00edas que se inici\u00f3 la guerra entre las facciones, antes todos integrantes del C\u00e1rtel de Sinaloa.<\/p>\n\n\n\n<p>Es por eso que hoy si escribir\u00e9 pero confieso no entender, ni comparto lo que otros s\u00ed entienden para explicar lo que pasa en Culiac\u00e1n y que ya se extiende a otros municipios. Culiac\u00e1n y algunos municipios ya est\u00e1n en guerra.<\/p>\n\n\n\n<p>No quiero exagerar al decir que Sinaloa est\u00e1 en guerra, porque luego nos corregir\u00e1n y dir\u00e1n que solo 4 municipios de todav\u00eda 18 &#8211; a partir del primero de octubre ser\u00e1n 20-son los que concentran los enfrentamientos armados.<\/p>\n\n\n\n<p>Pero decir que Culiac\u00e1n est\u00e1 en guerra, insisto, no es ninguna exageraci\u00f3n. El propio gobierno federal mand\u00f3 a Culiac\u00e1n aviones de guerra y personal supuestamente letal del Ej\u00e9rcito, pero hasta ahorita como dicen los sicarios en sus videos-est\u00e1n guardados-. No se les ha visto actuar.<\/p>\n\n\n\n<p>Entonces si escribir\u00e9 en funci\u00f3n de lo visto y que seguramente muchos sinaloenses lo vieron y otros tantos m\u00e1s lo vivieron en carne propia para su desgracia.<\/p>\n\n\n\n<p>1.-Confieso no entender que sean los mismos sicarios previo a su nueva batalla, los que le pidan a la gente a trav\u00e9s de videos que se resguarden en sus casas, que no salgan a la calle porque esto se pondr\u00e1 feo y no sea el mismo gobierno quien informe oportunamente. Al contrario, salen a decir que todo est\u00e1 en paz y que Culiac\u00e1n es seguro. \u00bfA qui\u00e9n le cree la gente? A quien deja evidencia y esa evidencia desgraciadamente la han dejado los narcos. La gente se esconde en sus casas y efectivamente la cosa se pone fea.<\/p>\n\n\n\n<p>\u00bfYa est\u00e1 rebasado el gobierno? \u00bfQu\u00e9 dice la evidencia?<\/p>\n\n\n\n<p>2.-Confieso no entender porque en los videos y audios que circulan con rapidez por las diferentes plataformas, los mismos sicarios les piden a su gente que no se metan con \u201cEl Gobierno\u201d que ellos no son su problema y que ya tienen \u00f3rdenes de \u201cguardarse\u201d, pero que si le den con todo a los contras, a esos s\u00ed.<\/p>\n\n\n\n<p>Confieso no entender porque todo Culiac\u00e1n est\u00e1 lleno de p\u00e1nico y resguardado, escuchando las detonaciones de los enfrentamientos y las fuerzas del orden federal, ojo federal, est\u00e1n \u201cguardadas\u201d. \u00bfQue no vinieron a poner orden y regresar la calma y la seguridad de los sinaloenses?.<\/p>\n\n\n\n<p>3.-Pero confieso menos entender lo que muestran videos que circulan donde se observan a agentes de Tr\u00e1nsito cambiar las luces de sem\u00e1foros para abrirle paso a los convoys de los narcos, o ver a agentes en patrullas de la polic\u00eda municipal de Culiac\u00e1n dialogando o poni\u00e9ndose de acuerdo con presuntos sicarios. Las evidencias ah\u00ed est\u00e1n. \u00bfY el gobierno Municipal de Juan de Dios G\u00e1mez Mendivil que hace o cuando menos que dice? \u00bfO el Gobierno del Estado que hace o qu\u00e9 dice cuando ya no se puede ocultar lo evidente? Ah\u00ed si yo no entender.<\/p>\n\n\n\n<p>Cargar con todo el descr\u00e9dito y desgaste pol\u00edtico nunca es bueno. Los manotazos en la mesa s\u00ed sirven. El guardar silencio y tratar de ocultar lo que ya se vio, nunca ha sido buena estrategia. Lo \u00fanico que termina por evidenciar es la complicidad. Por eso insisto, no entiendo y lo que otros si entienden no lo comparto.<\/p>\n\n\n\n<p>4.-No entiendo porque el gobierno no informa, trata de controlar la narrativa y la informaci\u00f3n, al decir que en los enfrentamientos no hay muertos ni heridos, hasta que los mismos bandos del narco publican como \u00e9xito los cad\u00e1veres de supuestos jefes de los contras o a un grupo de j\u00f3venes a\u00fan con pecheras, entregando el cad\u00e1ver de otro joven a sus familiares para ser velado y darle sepultura.<\/p>\n\n\n\n<p>O bien, familiares de personas desaparecidas o levantadas pidiendo ayuda en las redes sociales para encontrarlos.<\/p>\n\n\n\n<p>Una vez exhibido el gobierno, sale la Fiscal\u00eda a revelar que van 9 muertos, 14 desaparecidos y 16 veh\u00edculos despojados. Desde luego, son los oficiales. \u00bfY los reales?<\/p>\n\n\n\n<p>5.-No entiendo d\u00f3nde est\u00e1 la urgencia del gobierno que evidentemente no ha podido garantizar la seguridad de la poblaci\u00f3n, por tener a la gente en las calles de Culiac\u00e1n, presionando a los supervisores escolares y directores para que haya clases presenciales en las escuelas.<\/p>\n\n\n\n<p>Ayer todav\u00eda circul\u00f3 un oficio donde se dice que por instrucciones de la Subsecretaria de la SEPyC, Ana Alicia Cervantes Contreras, las escuelas de educaci\u00f3n b\u00e1sica deben permanecer abiertas y atender a los ni\u00f1os y ni\u00f1as de manera presencial.<\/p>\n\n\n\n<p>Adem\u00e1s, se adjunta otro oficio en el cual se dice que el Gobierno del Estado proporcionar\u00eda transporte gratuito -no hay transporte urbano- para mover a los padres y ni\u00f1os y ni\u00f1as a las escuelas.<\/p>\n\n\n\n<p>La respuesta de los padres fue contundente. En un oficio dirigido al mismo Gobernador Rub\u00e9n Rocha y entregado a directores de escuela se lee lo siguiente en un p\u00e1rrafo extra\u00eddo del mismo.<\/p>\n\n\n\n<p>\u201cNuestra indignaci\u00f3n con sus decisiones respecto a clases presenciales y reciba como respuesta un NO rotundo a mandar a nuestros hijos a las escuelas cuando todav\u00eda se nos dice que los operativos est\u00e1n dando resultado y seguimos viendo delincuentes en las calles pasearse como si no hubiera ley, y a las &#8220;autoridades&#8221; llegar cuando los sucesos delictivos ya terminaron.<\/p>\n\n\n\n<p>Hasta ah\u00ed el mensaje.<\/p>\n\n\n\n<p>Hoy el gober Rocha anunci\u00f3 la suspensi\u00f3n de clases para este d\u00eda y de una vez para ma\u00f1ana viernes tambi\u00e9n. \u00bfEntendi\u00f3 el duro mensaje de los padres y madres de familia?<\/p>\n\n\n\n<p>Tambi\u00e9n anunci\u00f3 la suspensi\u00f3n de las festividades del grito de independencia.<\/p>\n\n\n\n<p>As\u00ed confieso no entender lo que sucede en Sinaloa y el err\u00e1tico actuar y proceder de las autoridades y del gobierno.<\/p>\n\n\n\n<p>Quienes dicen entender y explican el porqu\u00e9, no lo comparto y estar\u00eda de terror que as\u00ed fuera.<\/p>\n\n\n\n<p>Por lo pronto Culiac\u00e1n, si est\u00e1 en guerra. Quien no est\u00e1 en guerra es el gobierno. Ese est\u00e1 \u201cguardado\u201d dicen los narcos cuando ellos salen a pasear.<\/p>\n\n\n\n<p>Habr\u00e1 que estar pendientes.<\/p>\n\n\n\n<p>PASO A PASITO.-Anoche, el Congreso estatal de Sinaloa aprob\u00f3 sin mayor problema la reforma al poder judicial de la misma forma como lo hicieron otros 17 legislaturas locales m\u00e1s en el pa\u00eds.<\/p>\n\n\n\n<p>En medio de la tracatera y lluvia de balas, los diputados locales dieron el s\u00ed. \u00bfY la leyeron? No tuvieron tiempo de hacerla. Estaban duros los balazos a esas horas.<\/p>\n\n\n\n<p>\u00bfFestejo por la aprobaci\u00f3n? Tampoco hubo.<\/p>\n\n\n\n<p>Es m\u00e1s, como el presidente Andr\u00e9s Manuel plante\u00f3 que el festejo ser\u00e1 el 15 de septiembre, aqu\u00ed tampoco habr\u00e1.<\/p>\n\n\n\n<p>OTRO PASITO.-Otra vez el presidente Andr\u00e9s Manuel minimiz\u00f3 los hechos que ocurren en Sinaloa y culp\u00f3 a los medios de comunicaci\u00f3n de amarillistas y sensacionalistas. Pues que no fue su gobierno quien mand\u00f3 aviones de guerra a Culiac\u00e1n y militares de \u00e9lite extremadamente letales, seg\u00fan se inform\u00f3 de manera oficial.<\/p>\n\n\n\n<p>Y como frecuentemente dice no estar enterado, lo m\u00e1s seguro es que no le han dicho que todo ese personal suficiente del Ej\u00e9rcito, La Marina y hasta sus aviones de guerra \u201cest\u00e1n Guardados\u201d. Solo salen a patrullar cuando los enfrentamientos ya pasaron y hay seguridad para hacerlo.<\/p>\n\n\n\n<p>Antes no lo pueden hacer. Es muy inseguro.<\/p>\n\n\n\n<p>PASITO CH\u00c9VERE.-<\/p>\n\n\n\n<p>S\u00edguenos En:<\/p>\n\n\n\n<p>Ovelanalista.com<\/p>\n\n\n\n<p>Twitteer.- @oswaldo villase<\/p>\n\n\n\n<p>Facebook.-OV El Analista<\/p>\n\n\n\n<p>Megacanal canal 151 y 1151 de lunes a viernes de 1:30 a 2 de la tarde y s\u00e1bados de 11 a 12.<\/p>\n\n\n\n<p>WhatsApp. 6681640391 m\u00e1ndanos un mensaje y recibe nuestra informaci\u00f3n<\/p>\n","protected":false},"excerpt":{"rendered":"<p>La capital de Sinaloa y algunas otras regiones en otros 3 municipios vivieron ayer una noche negra. Fue la peor batalla en 4 d\u00edas ya de enfrentamientos entre Los Chapitos y Los Mayitos<\/p>\n","protected":false},"author":5,"featured_media":1641,"comment_status":"closed","ping_status":"closed","sticky":false,"template":"","format":"standard","meta":{"twitterCardType":"","cardImageID":0,"cardImage":"","cardTitle":"","cardDesc":"","cardImageAlt":"","cardPlayer":"","cardPlayerWidth":0,"cardPlayerHeight":0,"cardPlayerStream":"","cardPlayerCodec":"","footnotes":""},"categories":[12,488],"tags":[],"class_list":["post-1640","post","type-post","status-publish","format-standard","has-post-thumbnail","hentry","category-opinion","category-transicion"],"_links":{"self":[{"href":"https:\/\/literalmex.com\/index.php\/wp-json\/wp\/v2\/posts\/1640","targetHints":{"allow":["GET"]}}],"collection":[{"href":"https:\/\/literalmex.com\/index.php\/wp-json\/wp\/v2\/posts"}],"about":[{"href":"https:\/\/literalmex.com\/index.php\/wp-json\/wp\/v2\/types\/post"}],"author":[{"embeddable":true,"href":"https:\/\/literalmex.com\/index.php\/wp-json\/wp\/v2\/users\/5"}],"replies":[{"embeddable":true,"href":"https:\/\/literalmex.com\/index.php\/wp-json\/wp\/v2\/comments?post=1640"}],"version-history":[{"count":1,"href":"https:\/\/literalmex.com\/index.php\/wp-json\/wp\/v2\/posts\/1640\/revisions"}],"predecessor-version":[{"id":1642,"href":"https:\/\/literalmex.com\/index.php\/wp-json\/wp\/v2\/posts\/1640\/revisions\/1642"}],"wp:featuredmedia":[{"embeddable":true,"href":"https:\/\/literalmex.com\/index.php\/wp-json\/wp\/v2\/media\/1641"}],"wp:attachment":[{"href":"https:\/\/literalmex.com\/index.php\/wp-json\/wp\/v2\/media?parent=1640"}],"wp:term":[{"taxonomy":"category","embeddable":true,"href":"https:\/\/literalmex.com\/index.php\/wp-json\/wp\/v2\/categories?post=1640"},{"taxonomy":"post_tag","embeddable":true,"href":"https:\/\/literalmex.com\/index.php\/wp-json\/wp\/v2\/tags?post=1640"}],"curies":[{"name":"wp","href":"https:\/\/api.w.org\/{rel}","templated":true}]}}