{"id":2039,"date":"2025-05-12T02:27:13","date_gmt":"2025-05-12T02:27:13","guid":{"rendered":"https:\/\/literalmex.com\/?p=2039"},"modified":"2025-05-12T02:27:13","modified_gmt":"2025-05-12T02:27:13","slug":"revocacion-de-visa-de-eeuu-a-marina-del-pilar-desata-confrontacion-pan-exige-explicacion-morena-cierra-filas","status":"publish","type":"post","link":"https:\/\/literalmex.com\/index.php\/2025\/05\/12\/revocacion-de-visa-de-eeuu-a-marina-del-pilar-desata-confrontacion-pan-exige-explicacion-morena-cierra-filas\/","title":{"rendered":"Revocaci\u00f3n de visa de EEUU a Marina del Pilar desata confrontaci\u00f3n: PAN exige explicaci\u00f3n, Morena cierra filas"},"content":{"rendered":"\n<p>La revocaci\u00f3n de la visa estadounidense a la gobernadora de Baja California, Marina del Pilar \u00c1vila Olmeda, y a su esposo, Carlos Torres Torres, ha generado un nuevo episodio de confrontaci\u00f3n pol\u00edtica entre Morena y el Partido Acci\u00f3n Nacional (PAN).<\/p>\n\n\n\n<p>El Grupo Parlamentario de Morena en la C\u00e1mara de Diputados expres\u00f3 un respaldo un\u00e1nime a la mandataria bajacaliforniana, calificando la medida del gobierno de Estados Unidos como un \u201cprocedimiento administrativo\u201d que no implica se\u00f1alamiento alguno ni investigaci\u00f3n en su contra. A trav\u00e9s de un comunicado, los legisladores morenistas destacaron que la situaci\u00f3n forma parte de las disposiciones internas del Departamento de Estado estadounidense y defendieron la integridad de la gobernadora y su esposo.<\/p>\n\n\n\n<p>&#8220;Rechazamos las narrativas tendenciosas que buscan politizar este tema. La gobernadora ha demostrado un firme compromiso con el desarrollo y la transformaci\u00f3n de Baja California, y merece el respaldo institucional, no ataques infundados&#8221;, se\u00f1alaron los diputados federales de Morena.<\/p>\n\n\n\n<p>En sinton\u00eda con esta postura, la bancada de Morena en el Congreso local tambi\u00e9n cerr\u00f3 filas con la mandataria, a quien describieron como un pilar del proyecto de transformaci\u00f3n que impulsa el movimiento en el estado fronterizo. El Comit\u00e9 Ejecutivo Estatal del partido tambi\u00e9n emiti\u00f3 un posicionamiento en el mismo sentido.<\/p>\n\n\n\n<p>Sin embargo, desde la oposici\u00f3n, el PAN exigi\u00f3 una explicaci\u00f3n \u201cinmediata y clara\u201d por parte de la gobernadora. La dirigencia nacional del partido consider\u00f3 que la revocaci\u00f3n de su visa compromete la representaci\u00f3n internacional de Baja California y pone en entredicho la transparencia de su administraci\u00f3n.<\/p>\n\n\n\n<p>\u201cEl hecho no puede minimizarse ni tratarse como un asunto personal. Se trata de la jefa del Ejecutivo de un estado fronterizo cuya relaci\u00f3n con Estados Unidos es fundamental para millones de personas. La ciudadan\u00eda merece saber la verdad\u201d, apunt\u00f3 el comunicado panista.<\/p>\n\n\n\n<figure class=\"wp-block-image size-large\"><img fetchpriority=\"high\" decoding=\"async\" width=\"742\" height=\"1024\" src=\"https:\/\/literalmex.com\/wp-content\/uploads\/2025\/05\/Diputados-de-Morena-respaldan-a-Marina-del-Pilar-742x1024.jpeg\" alt=\"\" class=\"wp-image-2040\" srcset=\"https:\/\/literalmex.com\/wp-content\/uploads\/2025\/05\/Diputados-de-Morena-respaldan-a-Marina-del-Pilar-742x1024.jpeg 742w, https:\/\/literalmex.com\/wp-content\/uploads\/2025\/05\/Diputados-de-Morena-respaldan-a-Marina-del-Pilar-217x300.jpeg 217w, https:\/\/literalmex.com\/wp-content\/uploads\/2025\/05\/Diputados-de-Morena-respaldan-a-Marina-del-Pilar-768x1060.jpeg 768w, https:\/\/literalmex.com\/wp-content\/uploads\/2025\/05\/Diputados-de-Morena-respaldan-a-Marina-del-Pilar-1113x1536.jpeg 1113w, https:\/\/literalmex.com\/wp-content\/uploads\/2025\/05\/Diputados-de-Morena-respaldan-a-Marina-del-Pilar.jpeg 1289w\" sizes=\"(max-width: 742px) 100vw, 742px\" \/><\/figure>\n\n\n\n<p>El PAN llam\u00f3 a que se esclarezca si existe alg\u00fan procedimiento judicial o administrativo en curso que pudiera comprometer la relaci\u00f3n institucional con el pa\u00eds vecino, y pidi\u00f3 al gobierno federal que act\u00fae con responsabilidad frente a un tema que puede tener implicaciones diplom\u00e1ticas y de cooperaci\u00f3n bilateral.<\/p>\n\n\n\n<p>La propia gobernadora Marina del Pilar confirm\u00f3 que recibi\u00f3 una notificaci\u00f3n consular tras la medida que afect\u00f3 primero a su esposo, Carlos Torres. En un mensaje p\u00fablico, asegur\u00f3 que se trata de una situaci\u00f3n que ser\u00e1 aclarada y que ambos han actuado siempre con integridad.<\/p>\n\n\n\n<p>Por ahora, el gobierno de Estados Unidos no ha emitido comentarios sobre los motivos de la revocaci\u00f3n, lo que mantiene abiertas diversas interpretaciones en medio de un contexto electoral y de tensiones entre actores pol\u00edticos en M\u00e9xico.<\/p>\n\n\n\n<figure class=\"wp-block-embed is-type-video is-provider-youtube wp-block-embed-youtube wp-embed-aspect-4-3 wp-has-aspect-ratio\"><div class=\"wp-block-embed__wrapper\">\n<iframe title=\"TRUMP QUITA LA VISA A MARINA DEL PILAR \u00c1VILA gobernadora morenista de Baja California\" width=\"800\" height=\"600\" src=\"https:\/\/www.youtube.com\/embed\/aBvbhnXtn0M?feature=oembed\" frameborder=\"0\" allow=\"accelerometer; autoplay; clipboard-write; encrypted-media; gyroscope; picture-in-picture; web-share\" referrerpolicy=\"strict-origin-when-cross-origin\" allowfullscreen><\/iframe>\n<\/div><\/figure>\n","protected":false},"excerpt":{"rendered":"<p>La decisi\u00f3n del gobierno de Estados Unidos de retirar la visa a la gobernadora de Baja California y a su esposo, Carlos Torres, provoc\u00f3 reacciones encontradas entre partidos; mientras el PAN exige transparencia, Morena respalda a su mandataria.<\/p>\n","protected":false},"author":1,"featured_media":2041,"comment_status":"closed","ping_status":"closed","sticky":false,"template":"","format":"standard","meta":{"twitterCardType":"","cardImageID":0,"cardImage":"","cardTitle":"","cardDesc":"","cardImageAlt":"","cardPlayer":"","cardPlayerWidth":0,"cardPlayerHeight":0,"cardPlayerStream":"","cardPlayerCodec":"","footnotes":""},"categories":[9],"tags":[],"class_list":["post-2039","post","type-post","status-publish","format-standard","has-post-thumbnail","hentry","category-nacional"],"_links":{"self":[{"href":"https:\/\/literalmex.com\/index.php\/wp-json\/wp\/v2\/posts\/2039","targetHints":{"allow":["GET"]}}],"collection":[{"href":"https:\/\/literalmex.com\/index.php\/wp-json\/wp\/v2\/posts"}],"about":[{"href":"https:\/\/literalmex.com\/index.php\/wp-json\/wp\/v2\/types\/post"}],"author":[{"embeddable":true,"href":"https:\/\/literalmex.com\/index.php\/wp-json\/wp\/v2\/users\/1"}],"replies":[{"embeddable":true,"href":"https:\/\/literalmex.com\/index.php\/wp-json\/wp\/v2\/comments?post=2039"}],"version-history":[{"count":1,"href":"https:\/\/literalmex.com\/index.php\/wp-json\/wp\/v2\/posts\/2039\/revisions"}],"predecessor-version":[{"id":2042,"href":"https:\/\/literalmex.com\/index.php\/wp-json\/wp\/v2\/posts\/2039\/revisions\/2042"}],"wp:featuredmedia":[{"embeddable":true,"href":"https:\/\/literalmex.com\/index.php\/wp-json\/wp\/v2\/media\/2041"}],"wp:attachment":[{"href":"https:\/\/literalmex.com\/index.php\/wp-json\/wp\/v2\/media?parent=2039"}],"wp:term":[{"taxonomy":"category","embeddable":true,"href":"https:\/\/literalmex.com\/index.php\/wp-json\/wp\/v2\/categories?post=2039"},{"taxonomy":"post_tag","embeddable":true,"href":"https:\/\/literalmex.com\/index.php\/wp-json\/wp\/v2\/tags?post=2039"}],"curies":[{"name":"wp","href":"https:\/\/api.w.org\/{rel}","templated":true}]}}