{"id":2086,"date":"2025-06-08T18:38:14","date_gmt":"2025-06-08T18:38:14","guid":{"rendered":"https:\/\/literalmex.com\/?p=2086"},"modified":"2025-06-08T18:38:15","modified_gmt":"2025-06-08T18:38:15","slug":"que-la-oea-se-guerde-sus-opiniones-sheinbaum","status":"publish","type":"post","link":"https:\/\/literalmex.com\/index.php\/2025\/06\/08\/que-la-oea-se-guerde-sus-opiniones-sheinbaum\/","title":{"rendered":"Que la OEA se guerde sus opiniones: Sheinbaum"},"content":{"rendered":"\n<p>La presidenta de M\u00e9xico, Claudia Sheinbaum Pardo, pidi\u00f3 a la Organizaci\u00f3n de los Estados Americanos (OEA) guardar sus comentarios y recomendaciones sobre el modelo en que se desarroll\u00f3 para la Elecci\u00f3n Judicial, toda vez que \u201cno tienen atribuci\u00f3n para ello\u201d.<\/p>\n\n\n\n<figure class=\"wp-block-image size-full\"><a href=\"https:\/\/comunicacionsocial.diputados.gob.mx\/\"><img fetchpriority=\"high\" decoding=\"async\" width=\"728\" height=\"90\" src=\"https:\/\/literalmex.com\/wp-content\/uploads\/2025\/06\/Soberania-Nacional_728X90.png\" alt=\"\" class=\"wp-image-2059\" srcset=\"https:\/\/literalmex.com\/wp-content\/uploads\/2025\/06\/Soberania-Nacional_728X90.png 728w, https:\/\/literalmex.com\/wp-content\/uploads\/2025\/06\/Soberania-Nacional_728X90-300x37.png 300w\" sizes=\"(max-width: 728px) 100vw, 728px\" \/><\/a><\/figure>\n\n\n\n<p>\u201cQue la OEA opine c\u00f3mo se desarroll\u00f3 la elecci\u00f3n, pero que se guarde, porque no est\u00e1 en sus estatutos, lo que significa la profunda reforma del poder judicial en nuestro pa\u00eds\u201d, expres\u00f3.<\/p>\n\n\n\n<p>De gira por Morelos, entidad en la que encabez\u00f3 la presentaci\u00f3n del programa de \u201cSalud Casa por Casa\u201d, la mandataria precis\u00f3 que la Organizaci\u00f3n mand\u00f3 a unos observadores a M\u00e9xico el d\u00eda de la elecci\u00f3n y est\u00e1 bien que opinen si fue pac\u00edfica, si no hubo problema&#8221;, indic\u00f3.<\/p>\n\n\n\n<p>&#8220;Pero ahora ya quieren opinar sobre el sistema que decidieron los mexicanos para elegir a los miembros de la Corte, los magistrados y los jueces, no tienen atribuci\u00f3n para ello\u201d, reiter\u00f3.<\/p>\n","protected":false},"excerpt":{"rendered":"<p>La presidente de M\u00e9xico dice que la Organizaci\u00f3n de Estados Americanos no tiene atribuciones para hablar sobre la refroma Judicial<\/p>\n","protected":false},"author":1,"featured_media":2087,"comment_status":"closed","ping_status":"closed","sticky":false,"template":"","format":"standard","meta":{"twitterCardType":"","cardImageID":0,"cardImage":"","cardTitle":"","cardDesc":"","cardImageAlt":"","cardPlayer":"","cardPlayerWidth":0,"cardPlayerHeight":0,"cardPlayerStream":"","cardPlayerCodec":"","footnotes":""},"categories":[9,8],"tags":[234,138,529],"class_list":["post-2086","post","type-post","status-publish","format-standard","has-post-thumbnail","hentry","category-nacional","category-noticias","tag-oea","tag-poder-judicial","tag-sheinbaum"],"_links":{"self":[{"href":"https:\/\/literalmex.com\/index.php\/wp-json\/wp\/v2\/posts\/2086","targetHints":{"allow":["GET"]}}],"collection":[{"href":"https:\/\/literalmex.com\/index.php\/wp-json\/wp\/v2\/posts"}],"about":[{"href":"https:\/\/literalmex.com\/index.php\/wp-json\/wp\/v2\/types\/post"}],"author":[{"embeddable":true,"href":"https:\/\/literalmex.com\/index.php\/wp-json\/wp\/v2\/users\/1"}],"replies":[{"embeddable":true,"href":"https:\/\/literalmex.com\/index.php\/wp-json\/wp\/v2\/comments?post=2086"}],"version-history":[{"count":1,"href":"https:\/\/literalmex.com\/index.php\/wp-json\/wp\/v2\/posts\/2086\/revisions"}],"predecessor-version":[{"id":2088,"href":"https:\/\/literalmex.com\/index.php\/wp-json\/wp\/v2\/posts\/2086\/revisions\/2088"}],"wp:featuredmedia":[{"embeddable":true,"href":"https:\/\/literalmex.com\/index.php\/wp-json\/wp\/v2\/media\/2087"}],"wp:attachment":[{"href":"https:\/\/literalmex.com\/index.php\/wp-json\/wp\/v2\/media?parent=2086"}],"wp:term":[{"taxonomy":"category","embeddable":true,"href":"https:\/\/literalmex.com\/index.php\/wp-json\/wp\/v2\/categories?post=2086"},{"taxonomy":"post_tag","embeddable":true,"href":"https:\/\/literalmex.com\/index.php\/wp-json\/wp\/v2\/tags?post=2086"}],"curies":[{"name":"wp","href":"https:\/\/api.w.org\/{rel}","templated":true}]}}