{"id":2357,"date":"2025-08-09T14:40:19","date_gmt":"2025-08-09T14:40:19","guid":{"rendered":"https:\/\/literalmex.com\/?p=2357"},"modified":"2025-08-09T14:40:19","modified_gmt":"2025-08-09T14:40:19","slug":"delegado-de-la-fgr-asesinado-investigaba-a-titular-del-pj-de-tamaulipas-y-a-ex-directivo-de-aduanas","status":"publish","type":"post","link":"https:\/\/literalmex.com\/index.php\/2025\/08\/09\/delegado-de-la-fgr-asesinado-investigaba-a-titular-del-pj-de-tamaulipas-y-a-ex-directivo-de-aduanas\/","title":{"rendered":"Delegado de la FGR asesinado investigaba a titular del PJ de Tamaulipas y a ex directivo de Aduanas"},"content":{"rendered":"\n<figure class=\"wp-block-image size-full\"><a href=\"https:\/\/comunicacionsocial.diputados.gob.mx\/\"><img fetchpriority=\"high\" decoding=\"async\" width=\"728\" height=\"90\" src=\"https:\/\/literalmex.com\/wp-content\/uploads\/2025\/07\/Plataformas-Digitales_728x90.png\" alt=\"\" class=\"wp-image-2291\" srcset=\"https:\/\/literalmex.com\/wp-content\/uploads\/2025\/07\/Plataformas-Digitales_728x90.png 728w, https:\/\/literalmex.com\/wp-content\/uploads\/2025\/07\/Plataformas-Digitales_728x90-300x37.png 300w\" sizes=\"(max-width: 728px) 100vw, 728px\" \/><\/a><\/figure>\n\n\n\n<p>Ciudad Victoria, Tamaulipas 9 de agosto de 2025<strong> <\/strong>&#8211; Semanas antes de ser asesinado en Reynosa, el delegado de la Fiscal\u00eda General de la Rep\u00fablica en Tamaulipas, <strong>Ernesto Cuitl\u00e1huac V\u00e1squez Reyna<\/strong>, hab\u00eda puesto bajo la lupa a la presidenta electa del Poder Judicial del estado, <strong>Tania Contreras L\u00f3pez<\/strong>, y a su cu\u00f1ado, el ex directivo nacional de Aduanas <strong>Juan Carlos Madero Larios<\/strong>.<\/p>\n\n\n\n<p>Los documentos de la investigaci\u00f3n, fechados el <strong>29 de mayo<\/strong>, revelan que V\u00e1squez solicit\u00f3 informaci\u00f3n sobre denuncias presentadas por la dirigencia estatal del PAN, encabezada por <strong>Luis Ren\u00e9 Cant\u00fa Galv\u00e1n<\/strong>. En esos oficios se confirma la existencia de carpetas abiertas por presunto <strong>\u201cnarco huachicol\u201d<\/strong> contra ambos.<\/p>\n\n\n\n<p>Durante abril y mayo, miembros del PAN llevaron sus acusaciones a distintas instancias: primero a las oficinas de la FGR en Tamaulipas y en Ciudad de M\u00e9xico, y luego hasta la Embajada de Estados Unidos. Contreras, ex Consejera Jur\u00eddica del gobernador morenista <strong>Am\u00e9rico Villarreal<\/strong>, hab\u00eda iniciado su campa\u00f1a por la presidencia del Poder Judicial, mientras que Madero ocup\u00f3 en el pasado la Direcci\u00f3n Adjunta de Aduanas en el gobierno de <strong>Andr\u00e9s Manuel L\u00f3pez Obrador<\/strong>.<\/p>\n\n\n\n<p>Tras darse a conocer el caso, Contreras sostuvo que la denuncia surgi\u00f3 en plena contienda electoral y asegur\u00f3 que la FGR determin\u00f3 el <strong>no ejercicio de la acci\u00f3n penal<\/strong> para ella y para Madero.<\/p>\n\n\n\n<p>El homicidio del delegado V\u00e1squez Reyna, ocurrido poco despu\u00e9s de estas pesquisas, alimenta las suspicacias en un estado donde los conflictos pol\u00edticos, la infiltraci\u00f3n del crimen organizado y los se\u00f1alamientos de corrupci\u00f3n en aduanas forman parte del d\u00eda a d\u00eda.<\/p>\n","protected":false},"excerpt":{"rendered":"<p>El delegado Ernesto Cuitl\u00e1huac V\u00e1squez Reyna hab\u00eda puesto bajo la lupa a la presidenta electa del Poder Judicial del estado, Tania Contreras L\u00f3pez, y a su cu\u00f1ado, el ex directivo nacional de Aduanas Juan Carlos Madero Larios.<\/p>\n","protected":false},"author":1,"featured_media":2358,"comment_status":"closed","ping_status":"closed","sticky":false,"template":"","format":"standard","meta":{"twitterCardType":"","cardImageID":0,"cardImage":"","cardTitle":"","cardDesc":"","cardImageAlt":"","cardPlayer":"","cardPlayerWidth":0,"cardPlayerHeight":0,"cardPlayerStream":"","cardPlayerCodec":"","footnotes":""},"categories":[9,8],"tags":[62,628,630,294,629],"class_list":["post-2357","post","type-post","status-publish","format-standard","has-post-thumbnail","hentry","category-nacional","category-noticias","tag-americo-villarreal","tag-ernesto-cuitlahuac-vasquez-reyna","tag-juan-carlos-madero-larios","tag-tamaulipas","tag-tania-contreras-lopez"],"_links":{"self":[{"href":"https:\/\/literalmex.com\/index.php\/wp-json\/wp\/v2\/posts\/2357","targetHints":{"allow":["GET"]}}],"collection":[{"href":"https:\/\/literalmex.com\/index.php\/wp-json\/wp\/v2\/posts"}],"about":[{"href":"https:\/\/literalmex.com\/index.php\/wp-json\/wp\/v2\/types\/post"}],"author":[{"embeddable":true,"href":"https:\/\/literalmex.com\/index.php\/wp-json\/wp\/v2\/users\/1"}],"replies":[{"embeddable":true,"href":"https:\/\/literalmex.com\/index.php\/wp-json\/wp\/v2\/comments?post=2357"}],"version-history":[{"count":1,"href":"https:\/\/literalmex.com\/index.php\/wp-json\/wp\/v2\/posts\/2357\/revisions"}],"predecessor-version":[{"id":2359,"href":"https:\/\/literalmex.com\/index.php\/wp-json\/wp\/v2\/posts\/2357\/revisions\/2359"}],"wp:featuredmedia":[{"embeddable":true,"href":"https:\/\/literalmex.com\/index.php\/wp-json\/wp\/v2\/media\/2358"}],"wp:attachment":[{"href":"https:\/\/literalmex.com\/index.php\/wp-json\/wp\/v2\/media?parent=2357"}],"wp:term":[{"taxonomy":"category","embeddable":true,"href":"https:\/\/literalmex.com\/index.php\/wp-json\/wp\/v2\/categories?post=2357"},{"taxonomy":"post_tag","embeddable":true,"href":"https:\/\/literalmex.com\/index.php\/wp-json\/wp\/v2\/tags?post=2357"}],"curies":[{"name":"wp","href":"https:\/\/api.w.org\/{rel}","templated":true}]}}