{"id":2448,"date":"2025-08-27T18:58:51","date_gmt":"2025-08-27T18:58:51","guid":{"rendered":"https:\/\/literalmex.com\/?p=2448"},"modified":"2025-08-27T18:58:51","modified_gmt":"2025-08-27T18:58:51","slug":"exportaciones-mexicanas-suben-4-91-el-mayor-repunte-en-tres-anos","status":"publish","type":"post","link":"https:\/\/literalmex.com\/index.php\/2025\/08\/27\/exportaciones-mexicanas-suben-4-91-el-mayor-repunte-en-tres-anos\/","title":{"rendered":"Exportaciones mexicanas suben 4.91%, el mayor repunte en tres a\u00f1os"},"content":{"rendered":"\n<figure class=\"wp-block-image size-full\"><a href=\"https:\/\/comunicacionsocial.diputados.gob.mx\/\"><img fetchpriority=\"high\" decoding=\"async\" width=\"728\" height=\"90\" src=\"https:\/\/literalmex.com\/wp-content\/uploads\/2025\/07\/Plataformas-Digitales_728x90.png\" alt=\"\" class=\"wp-image-2291\" srcset=\"https:\/\/literalmex.com\/wp-content\/uploads\/2025\/07\/Plataformas-Digitales_728x90.png 728w, https:\/\/literalmex.com\/wp-content\/uploads\/2025\/07\/Plataformas-Digitales_728x90-300x37.png 300w\" sizes=\"(max-width: 728px) 100vw, 728px\" \/><\/a><\/figure>\n\n\n\n<p><strong>Ciudad de M\u00e9xico.<\/strong>\u2013 Las exportaciones mexicanas registraron un aumento de <strong>4.91 por ciento anual<\/strong> en el periodo enero-julio de 2025, su mayor crecimiento en tres a\u00f1os, de acuerdo con cifras ajustadas por estacionalidad del <strong>Instituto Nacional de Estad\u00edstica y Geograf\u00eda (Inegi)<\/strong>.<\/p>\n\n\n\n<p>En ese lapso, las ventas al exterior sumaron <strong>373 mil 168 millones de d\u00f3lares<\/strong>, mientras que las importaciones alcanzaron <strong>370 mil 977 millones<\/strong>, con un incremento marginal de <strong>1.03 por ciento<\/strong> frente al mismo periodo de 2024. Ambas cifras representan niveles sin precedentes para un periodo comparable.<\/p>\n\n\n\n<h3 class=\"wp-block-heading\">Exportaciones no petroleras al alza<\/h3>\n\n\n\n<p>El repunte estuvo impulsado por las exportaciones <strong>no petroleras<\/strong>, que avanzaron <strong>6.41 por ciento<\/strong>, en contraste con las petroleras que retrocedieron <strong>24.25 por ciento<\/strong>.<\/p>\n\n\n\n<p>Por sectores, las <strong>exportaciones extractivas<\/strong> crecieron <strong>21.81 por ciento<\/strong> y las <strong>manufacturas<\/strong> lo hicieron en <strong>6.66 por ciento<\/strong>, apoyadas por un dinamismo de 12.42 por ciento en el resto fabril. En contraste, las ventas <strong>agropecuarias<\/strong> retrocedieron <strong>6.23 por ciento<\/strong> y las <strong>automotrices<\/strong> cayeron <strong>3.74 por ciento<\/strong>, despu\u00e9s de cuatro a\u00f1os consecutivos de expansi\u00f3n.<\/p>\n\n\n\n<h3 class=\"wp-block-heading\">Importaciones a menor ritmo<\/h3>\n\n\n\n<p>En el caso de las importaciones, las <strong>petroleras disminuyeron 8.52 por ciento<\/strong> y las no petroleras se moderaron con un alza de <strong>1.88 por ciento<\/strong>. Por tipo de bienes, las compras de consumo bajaron <strong>7.05 por ciento<\/strong>, las de capital se redujeron <strong>8.98 por ciento<\/strong>, mientras que las de bienes intermedios aumentaron <strong>4.10 por ciento<\/strong>.<\/p>\n\n\n\n<h3 class=\"wp-block-heading\">Super\u00e1vit hist\u00f3rico<\/h3>\n\n\n\n<p>El comportamiento de exportaciones e importaciones dej\u00f3 un <strong>super\u00e1vit comercial de 2 mil 191 millones de d\u00f3lares<\/strong> en los primeros siete meses del a\u00f1o, que contrasta con el d\u00e9ficit de <strong>11 mil 494 millones<\/strong> observado en el mismo lapso de 2024.<\/p>\n\n\n\n<p>No obstante, en julio las exportaciones tuvieron una ligera ca\u00edda mensual de <strong>0.05 por ciento<\/strong>, mientras que las importaciones crecieron <strong>0.69 por ciento<\/strong>. Con ello, el super\u00e1vit mensual se redujo <strong>57.14 por ciento<\/strong> frente a junio, al ubicarse en <strong>296 millones de d\u00f3lares<\/strong>.<\/p>\n\n\n\n<p>A tasa anual, en julio las exportaciones crecieron <strong>2.74 por ciento<\/strong> y las importaciones <strong>1.77 por ciento<\/strong>.<\/p>\n\n\n\n<p><\/p>\n","protected":false},"excerpt":{"rendered":"<p>De enero a julio 2025 las ventas al exterior sumaron 373 mil 168 millones de d\u00f3lares, mientras que las importaciones alcanzaron 370 mil 977 millones, con un incremento marginal de 1.03 por ciento frente al mismo periodo de 2024.<\/p>\n","protected":false},"author":1,"featured_media":2449,"comment_status":"closed","ping_status":"closed","sticky":false,"template":"","format":"standard","meta":{"twitterCardType":"","cardImageID":0,"cardImage":"","cardTitle":"","cardDesc":"","cardImageAlt":"","cardPlayer":"","cardPlayerWidth":0,"cardPlayerHeight":0,"cardPlayerStream":"","cardPlayerCodec":"","footnotes":""},"categories":[27,9,8],"tags":[],"class_list":["post-2448","post","type-post","status-publish","format-standard","has-post-thumbnail","hentry","category-finanzas-y-empresas","category-nacional","category-noticias"],"_links":{"self":[{"href":"https:\/\/literalmex.com\/index.php\/wp-json\/wp\/v2\/posts\/2448","targetHints":{"allow":["GET"]}}],"collection":[{"href":"https:\/\/literalmex.com\/index.php\/wp-json\/wp\/v2\/posts"}],"about":[{"href":"https:\/\/literalmex.com\/index.php\/wp-json\/wp\/v2\/types\/post"}],"author":[{"embeddable":true,"href":"https:\/\/literalmex.com\/index.php\/wp-json\/wp\/v2\/users\/1"}],"replies":[{"embeddable":true,"href":"https:\/\/literalmex.com\/index.php\/wp-json\/wp\/v2\/comments?post=2448"}],"version-history":[{"count":1,"href":"https:\/\/literalmex.com\/index.php\/wp-json\/wp\/v2\/posts\/2448\/revisions"}],"predecessor-version":[{"id":2450,"href":"https:\/\/literalmex.com\/index.php\/wp-json\/wp\/v2\/posts\/2448\/revisions\/2450"}],"wp:featuredmedia":[{"embeddable":true,"href":"https:\/\/literalmex.com\/index.php\/wp-json\/wp\/v2\/media\/2449"}],"wp:attachment":[{"href":"https:\/\/literalmex.com\/index.php\/wp-json\/wp\/v2\/media?parent=2448"}],"wp:term":[{"taxonomy":"category","embeddable":true,"href":"https:\/\/literalmex.com\/index.php\/wp-json\/wp\/v2\/categories?post=2448"},{"taxonomy":"post_tag","embeddable":true,"href":"https:\/\/literalmex.com\/index.php\/wp-json\/wp\/v2\/tags?post=2448"}],"curies":[{"name":"wp","href":"https:\/\/api.w.org\/{rel}","templated":true}]}}