{"id":2593,"date":"2025-10-13T21:37:20","date_gmt":"2025-10-13T21:37:20","guid":{"rendered":"https:\/\/literalmex.com\/?p=2593"},"modified":"2025-10-13T21:37:20","modified_gmt":"2025-10-13T21:37:20","slug":"mueren-2-estudiantes-de-la-uv-sheinbaum-y-rector-revisaran-lista-de-escolares-desaparecidos","status":"publish","type":"post","link":"https:\/\/literalmex.com\/index.php\/2025\/10\/13\/mueren-2-estudiantes-de-la-uv-sheinbaum-y-rector-revisaran-lista-de-escolares-desaparecidos\/","title":{"rendered":"Mueren 2 estudiantes de la UV: Sheinbaum y Rector revisar\u00e1n lista de escolares desaparecidos"},"content":{"rendered":"\n<figure class=\"wp-block-image size-large\"><a href=\"https:\/\/comunicacionsocial.diputados.gob.mx\/\"><img fetchpriority=\"high\" decoding=\"async\" width=\"1024\" height=\"154\" src=\"https:\/\/literalmex.com\/wp-content\/uploads\/2025\/10\/CURP-728X90-1024x154.png\" alt=\"\" class=\"wp-image-2569\" srcset=\"https:\/\/literalmex.com\/wp-content\/uploads\/2025\/10\/CURP-728X90-1024x154.png 1024w, https:\/\/literalmex.com\/wp-content\/uploads\/2025\/10\/CURP-728X90-300x45.png 300w, https:\/\/literalmex.com\/wp-content\/uploads\/2025\/10\/CURP-728X90-768x115.png 768w, https:\/\/literalmex.com\/wp-content\/uploads\/2025\/10\/CURP-728X90-1536x231.png 1536w, https:\/\/literalmex.com\/wp-content\/uploads\/2025\/10\/CURP-728X90-2048x308.png 2048w\" sizes=\"(max-width: 1024px) 100vw, 1024px\" \/><\/a><\/figure>\n\n\n\n<p>La presidenta <strong>Claudia Sheinbaum Pardo<\/strong> inform\u00f3 que habl\u00f3 personalmente con el <strong>Rector de la Universidad Veracruzana (UV)<\/strong> para realizar una revisi\u00f3n puntual de los estudiantes de <strong>Poza Rica<\/strong> inscritos en esa instituci\u00f3n, luego del reclamo p\u00fablico de un joven durante su visita a la zona afectada por las inundaciones.<\/p>\n\n\n\n<blockquote class=\"wp-block-quote is-layout-flow wp-block-quote-is-layout-flow\">\n<p>\u201cHabl\u00e9 personalmente con el Rector de la Universidad de Veracruz y le ped\u00ed que nos ayudara para hacer una revisi\u00f3n de todos los estudiantes de Poza Rica inscritos en la universidad, para saber si hay alguno no localizado o que pudiera haber estado en alguna de las zonas con m\u00e1s lodo\u201d, explic\u00f3 la mandataria en su conferencia ma\u00f1anera.<\/p>\n<\/blockquote>\n\n\n\n<p>Sheinbaum detall\u00f3 que el rector le inform\u00f3 que <strong>hasta el momento se tiene registro de dos estudiantes fallecidos<\/strong> y que se mantiene la verificaci\u00f3n <strong>familia por familia<\/strong> para detectar si existen m\u00e1s j\u00f3venes desaparecidos o sin contacto con sus familiares.<\/p>\n\n\n\n<blockquote class=\"wp-block-quote is-layout-flow wp-block-quote-is-layout-flow\">\n<p>\u201cEstamos en contacto con la universidad haciendo una revisi\u00f3n muy puntual, y si requieren apoyo lo vamos a dar\u201d, agreg\u00f3 la Presidenta.<\/p>\n<\/blockquote>\n\n\n\n<p>Durante su recorrido por <strong>los municipios m\u00e1s golpeados por la tormenta<\/strong>, Sheinbaum enfrent\u00f3 reclamos de damnificados que denunciaron <strong>inacci\u00f3n de las autoridades estatales<\/strong>. En Poza Rica, los reclamos se centraron en la <strong>falta de advertencias<\/strong> sobre la magnitud de las lluvias y en <strong>acusaciones directas contra la Gobernadora Roc\u00edo Nahle<\/strong>.<\/p>\n\n\n\n<p>En medio de la protesta, un joven reclam\u00f3 informaci\u00f3n sobre tres compa\u00f1eros de la UV presuntamente desaparecidos. Sheinbaum, rodeada de gritos, <strong>subi\u00f3 a una camioneta militar y pidi\u00f3 calma para poder dialogar<\/strong>, comprometi\u00e9ndose en ese momento a buscar respuestas.<\/p>\n","protected":false},"excerpt":{"rendered":"<p>Tras reclamo de un joven que exigi\u00f3 informaci\u00f3n sobre tres compa\u00f1eros desaparecidos, la Presidenta orden\u00f3 una revisi\u00f3n caso por caso.<\/p>\n","protected":false},"author":1,"featured_media":2594,"comment_status":"closed","ping_status":"closed","sticky":false,"template":"","format":"standard","meta":{"twitterCardType":"","cardImageID":0,"cardImage":"","cardTitle":"","cardDesc":"","cardImageAlt":"","cardPlayer":"","cardPlayerWidth":0,"cardPlayerHeight":0,"cardPlayerStream":"","cardPlayerCodec":"","footnotes":""},"categories":[9,8],"tags":[129,719,716,718,715,477],"class_list":["post-2593","post","type-post","status-publish","format-standard","has-post-thumbnail","hentry","category-nacional","category-noticias","tag-claudia-sheinbaum","tag-inundacion","tag-poza-rica","tag-tormenta","tag-universidad-de-veracruz","tag-veracruz"],"_links":{"self":[{"href":"https:\/\/literalmex.com\/index.php\/wp-json\/wp\/v2\/posts\/2593","targetHints":{"allow":["GET"]}}],"collection":[{"href":"https:\/\/literalmex.com\/index.php\/wp-json\/wp\/v2\/posts"}],"about":[{"href":"https:\/\/literalmex.com\/index.php\/wp-json\/wp\/v2\/types\/post"}],"author":[{"embeddable":true,"href":"https:\/\/literalmex.com\/index.php\/wp-json\/wp\/v2\/users\/1"}],"replies":[{"embeddable":true,"href":"https:\/\/literalmex.com\/index.php\/wp-json\/wp\/v2\/comments?post=2593"}],"version-history":[{"count":1,"href":"https:\/\/literalmex.com\/index.php\/wp-json\/wp\/v2\/posts\/2593\/revisions"}],"predecessor-version":[{"id":2595,"href":"https:\/\/literalmex.com\/index.php\/wp-json\/wp\/v2\/posts\/2593\/revisions\/2595"}],"wp:featuredmedia":[{"embeddable":true,"href":"https:\/\/literalmex.com\/index.php\/wp-json\/wp\/v2\/media\/2594"}],"wp:attachment":[{"href":"https:\/\/literalmex.com\/index.php\/wp-json\/wp\/v2\/media?parent=2593"}],"wp:term":[{"taxonomy":"category","embeddable":true,"href":"https:\/\/literalmex.com\/index.php\/wp-json\/wp\/v2\/categories?post=2593"},{"taxonomy":"post_tag","embeddable":true,"href":"https:\/\/literalmex.com\/index.php\/wp-json\/wp\/v2\/tags?post=2593"}],"curies":[{"name":"wp","href":"https:\/\/api.w.org\/{rel}","templated":true}]}}