{"id":2646,"date":"2025-10-23T05:00:00","date_gmt":"2025-10-23T05:00:00","guid":{"rendered":"https:\/\/literalmex.com\/?p=2646"},"modified":"2025-10-23T01:22:54","modified_gmt":"2025-10-23T01:22:54","slug":"ola-de-violencia-sacude-culiacan-tras-caida-del-jefe-operativo-de-los-chapitos","status":"publish","type":"post","link":"https:\/\/literalmex.com\/index.php\/2025\/10\/23\/ola-de-violencia-sacude-culiacan-tras-caida-del-jefe-operativo-de-los-chapitos\/","title":{"rendered":"Ola de violencia sacude Culiac\u00e1n tras ca\u00edda del jefe operativo de \u201cLos Chapitos\u201d"},"content":{"rendered":"\n<figure class=\"wp-block-image size-large\"><a href=\"https:\/\/comunicacionsocial.diputados.gob.mx\/\"><img fetchpriority=\"high\" decoding=\"async\" width=\"1024\" height=\"154\" src=\"https:\/\/literalmex.com\/wp-content\/uploads\/2025\/10\/CURP-728X90-1024x154.png\" alt=\"\" class=\"wp-image-2569\" srcset=\"https:\/\/literalmex.com\/wp-content\/uploads\/2025\/10\/CURP-728X90-1024x154.png 1024w, https:\/\/literalmex.com\/wp-content\/uploads\/2025\/10\/CURP-728X90-300x45.png 300w, https:\/\/literalmex.com\/wp-content\/uploads\/2025\/10\/CURP-728X90-768x115.png 768w, https:\/\/literalmex.com\/wp-content\/uploads\/2025\/10\/CURP-728X90-1536x231.png 1536w, https:\/\/literalmex.com\/wp-content\/uploads\/2025\/10\/CURP-728X90-2048x308.png 2048w\" sizes=\"(max-width: 1024px) 100vw, 1024px\" \/><\/a><\/figure>\n\n\n\n<p>La detenci\u00f3n de seis integrantes del c\u00e1rtel de \u201cLos Chapitos\u201d y el abatimiento de su jefe operativo desat\u00f3 balaceras en diversos puntos de Culiac\u00e1n, Sinaloa, lo que dej\u00f3 cuatro muertos y seis heridos.<\/p>\n\n\n\n<p>\u201cHay cuatro fallecidos en dos eventos y hay seis heridos. La Fiscal\u00eda del Estado est\u00e1 realizando las investigaciones correspondientes para determinar la situaci\u00f3n de cada una de ellas. Hipot\u00e9ticamente podemos decir que hay personas ajenas a la delincuencia, gente inocente\u201d, se\u00f1al\u00f3 el Secretario de Gobierno de Sinaloa, Feliciano Castro Mel\u00e9ndrez, quien confirm\u00f3 el n\u00famero de v\u00edctimas de los tiroteos.<\/p>\n\n\n\n<p>El saldo mortal incluye a una persona de quien no se han obtenido mayores datos y el deceso de un hombre de 57 a\u00f1os, identificado como Jes\u00fas Alberto, quien viajaba a bordo de un cami\u00f3n urbano de la ruta Infonavit Solidaridad. Fue alcanzado por disparos durante una persecuci\u00f3n en la salida norte de la capital. Aunque fue hallado con vida, muri\u00f3 m\u00e1s tarde en el hospital.<\/p>\n\n\n\n<p>Entre los heridos se encuentra un adolescente de 14 a\u00f1os, operado de emergencia por un disparo en el abdomen, y una mujer de 37 a\u00f1os. Otra adolescente de 13 a\u00f1os fue reportada fuera de peligro.<br>\u201cTodo indica que el muchacho de 14 a\u00f1os viajaba en el cami\u00f3n. Pero qui\u00e9nes iban, en qu\u00e9 circunstancias y en qu\u00e9 momento, eso lo determinar\u00e1 la Fiscal\u00eda\u201d, acot\u00f3 el funcionario.<\/p>\n\n\n\n<figure class=\"wp-block-image size-large\"><a href=\"https:\/\/whatsapp.com\/channel\/0029Vb6oQhhK0IBaXTxnsl3w\"><img decoding=\"async\" width=\"1024\" height=\"522\" src=\"https:\/\/literalmex.com\/wp-content\/uploads\/2025\/10\/Literal-canal-whatsapp-banner-1024x522.jpg\" alt=\"\" class=\"wp-image-2610\" srcset=\"https:\/\/literalmex.com\/wp-content\/uploads\/2025\/10\/Literal-canal-whatsapp-banner-1024x522.jpg 1024w, https:\/\/literalmex.com\/wp-content\/uploads\/2025\/10\/Literal-canal-whatsapp-banner-300x153.jpg 300w, https:\/\/literalmex.com\/wp-content\/uploads\/2025\/10\/Literal-canal-whatsapp-banner-768x392.jpg 768w, https:\/\/literalmex.com\/wp-content\/uploads\/2025\/10\/Literal-canal-whatsapp-banner.jpg 1059w\" sizes=\"(max-width: 1024px) 100vw, 1024px\" \/><\/a><\/figure>\n\n\n\n<p>Las otras dos v\u00edctimas mortales fueron localizadas dentro de un veh\u00edculo Toyota Camry en la entrada de Espacio Barcelona. Presuntamente eran el objetivo inicial de la agresi\u00f3n y persecuci\u00f3n.<\/p>\n\n\n\n<p>Al ser cuestionado sobre posibles cambios en los protocolos de seguridad del transporte p\u00fablico, el Secretario de Gobierno afirm\u00f3 que el tema ser\u00e1 analizado. \u201cTodo debe revisarse, invariablemente. Es un asunto que se asume cotidianamente\u201d, respondi\u00f3.<\/p>\n\n\n\n<p>Por su parte, el Gobernador de Sinaloa, Rub\u00e9n Rocha Moya, se\u00f1al\u00f3 que los hechos violentos registrados la noche del martes son consecuencia de la irrupci\u00f3n de delincuentes en la ciudad y est\u00e1n vinculados con operativos recientes contra el crimen organizado. \u201cSe est\u00e1n metiendo delincuentes en la ciudad. Se est\u00e1 atendiendo, inmediatamente acuden las fuerzas de seguridad\u201d, declar\u00f3, y asegur\u00f3 acompa\u00f1amiento a las v\u00edctimas colaterales.<\/p>\n\n\n\n<p>Los tiroteos y persecuciones se concentraron en las zonas norte y sur de Culiac\u00e1n, generando un nuevo episodio de p\u00e1nico entre la poblaci\u00f3n. El Alcalde Juan de Dios G\u00e1mez Mend\u00edvil calific\u00f3 la jornada como \u201cun d\u00eda dif\u00edcil y delicado\u201d, y asegur\u00f3 que existe coordinaci\u00f3n entre los tres niveles de gobierno.<\/p>\n\n\n\n<p>La Secretar\u00eda de Seguridad estatal report\u00f3 la detenci\u00f3n de cuatro civiles armados, dos de ellos menores de edad, en las inmediaciones de Bacurim\u00ed. El Grupo Interinstitucional \u2014integrado por el Ej\u00e9rcito, Guardia Nacional y corporaciones estatales\u2014 asegur\u00f3 cuatro fusiles (tres calibre 7.62 x 39 mm y uno 5.56), una pistola 9 mm, 16 cargadores, chalecos bal\u00edsticos, 103 dosis de marihuana y un veh\u00edculo Toyota Corolla robado.<\/p>\n\n\n\n<p>La violencia se desat\u00f3 tras la desarticulaci\u00f3n de una c\u00e9lula de \u201cLos Chapitos\u201d en el sector Tres R\u00edos, donde fue abatido <strong>Luis Ezequiel Rubio Rodr\u00edguez, \u201cEl Morral\u201d<\/strong>, considerado jefe operativo del brazo armado del C\u00e1rtel de Sinaloa. En ese operativo fueron detenidos otros seis presuntos integrantes, dos de ellos recapturados tras haber sido liberados por un juez.<\/p>\n\n\n\n<p>El Coordinador del Consejo Nacional de Seguridad P\u00fablica, Miguel Calder\u00f3n, compar\u00f3 a Culiac\u00e1n con Medell\u00edn, Colombia, y advirti\u00f3 que revertir la violencia requerir\u00e1 una inversi\u00f3n sostenida.<br>\u201cEn el caso de Medell\u00edn tardaron 15 a\u00f1os en darle la vuelta a la tortilla. En Culiac\u00e1n esperamos algo as\u00ed. Ojal\u00e1 sea en mucho menos tiempo. No deseamos el Culiac\u00e1n de antes, porque estaba cimentado en una paz muy fr\u00e1gil, en una paz delincuencial, algunos le llaman la paz narca\u201d, se\u00f1al\u00f3.<br>\u201cCreemos que esta oportunidad es el nacimiento de una paz verdadera, de largo plazo, que dependa de acuerdos entre ciudadan\u00eda y no de la delincuencia\u201d.<\/p>\n","protected":false},"excerpt":{"rendered":"<p>Balaceras dejan cuatro muertos y seis heridos; el Gobierno estatal confirma presencia de civiles inocentes entre las v\u00edctimas.<\/p>\n","protected":false},"author":1,"featured_media":2647,"comment_status":"closed","ping_status":"closed","sticky":false,"template":"","format":"standard","meta":{"twitterCardType":"","cardImageID":0,"cardImage":"","cardTitle":"","cardDesc":"","cardImageAlt":"","cardPlayer":"","cardPlayerWidth":0,"cardPlayerHeight":0,"cardPlayerStream":"","cardPlayerCodec":"","footnotes":""},"categories":[9,8],"tags":[491,313],"class_list":["post-2646","post","type-post","status-publish","format-standard","has-post-thumbnail","hentry","category-nacional","category-noticias","tag-chapitos","tag-culiacan"],"_links":{"self":[{"href":"https:\/\/literalmex.com\/index.php\/wp-json\/wp\/v2\/posts\/2646","targetHints":{"allow":["GET"]}}],"collection":[{"href":"https:\/\/literalmex.com\/index.php\/wp-json\/wp\/v2\/posts"}],"about":[{"href":"https:\/\/literalmex.com\/index.php\/wp-json\/wp\/v2\/types\/post"}],"author":[{"embeddable":true,"href":"https:\/\/literalmex.com\/index.php\/wp-json\/wp\/v2\/users\/1"}],"replies":[{"embeddable":true,"href":"https:\/\/literalmex.com\/index.php\/wp-json\/wp\/v2\/comments?post=2646"}],"version-history":[{"count":1,"href":"https:\/\/literalmex.com\/index.php\/wp-json\/wp\/v2\/posts\/2646\/revisions"}],"predecessor-version":[{"id":2648,"href":"https:\/\/literalmex.com\/index.php\/wp-json\/wp\/v2\/posts\/2646\/revisions\/2648"}],"wp:featuredmedia":[{"embeddable":true,"href":"https:\/\/literalmex.com\/index.php\/wp-json\/wp\/v2\/media\/2647"}],"wp:attachment":[{"href":"https:\/\/literalmex.com\/index.php\/wp-json\/wp\/v2\/media?parent=2646"}],"wp:term":[{"taxonomy":"category","embeddable":true,"href":"https:\/\/literalmex.com\/index.php\/wp-json\/wp\/v2\/categories?post=2646"},{"taxonomy":"post_tag","embeddable":true,"href":"https:\/\/literalmex.com\/index.php\/wp-json\/wp\/v2\/tags?post=2646"}],"curies":[{"name":"wp","href":"https:\/\/api.w.org\/{rel}","templated":true}]}}