{"id":2705,"date":"2025-11-03T22:19:25","date_gmt":"2025-11-03T22:19:25","guid":{"rendered":"https:\/\/literalmex.com\/?p=2705"},"modified":"2025-11-04T15:38:10","modified_gmt":"2025-11-04T15:38:10","slug":"peru-rompe-relaciones-con-mexico","status":"publish","type":"post","link":"https:\/\/literalmex.com\/index.php\/2025\/11\/03\/peru-rompe-relaciones-con-mexico\/","title":{"rendered":"Per\u00fa rompe relaciones diplom\u00e1ticas con M\u00e9xico por asilo a ex primera ministra Betssy Ch\u00e1vez"},"content":{"rendered":"\n<h1 class=\"wp-block-heading\"><\/h1>\n\n\n\n<p class=\"bajada\"><em>El canciller Hugo de Zela anunci\u00f3 la ruptura tras confirmarse que Betssy Ch\u00e1vez se encuentra asilada en la residencia de la Embajada de M\u00e9xico en Lima.<\/em><\/p>\n\n\n\n<p><strong>Lima \/ Ciudad de M\u00e9xico | 3 de noviembre de 2025<\/strong><\/p>\n\n\n\n<figure class=\"wp-block-image\"><img decoding=\"async\" src=\"<!-- URL de imagen destacada --&gt;\" alt=\"Canciller\u00eda de Per\u00fa anuncia ruptura con M\u00e9xico\"\/><figcaption class=\"wp-element-caption\">La Canciller\u00eda peruana inform\u00f3 la decisi\u00f3n tras el asilo otorgado a Betssy Ch\u00e1vez.<\/figcaption><\/figure>\n\n\n\n<p>El Gobierno de Per\u00fa anunci\u00f3 este lunes la <strong>ruptura de relaciones diplom\u00e1ticas con M\u00e9xico<\/strong>, luego de que autoridades mexicanas iniciaran el proceso de asilo para <strong>Betssy Ch\u00e1vez<\/strong>, ex primera ministra durante el gobierno de Pedro Castillo. La decisi\u00f3n fue comunicada por el ministro de Relaciones Exteriores, <strong>Hugo de Zela<\/strong>, quien calific\u00f3 el hecho como un \u201cacto inamistoso\u201d.<\/p>\n\n\n\n<p>Ch\u00e1vez enfrenta procesos penales por su presunta participaci\u00f3n en los hechos del <strong>7 de diciembre de 2022<\/strong>, cuando Castillo intent\u00f3 disolver el Congreso. La presencia de la exfuncionaria en la residencia diplom\u00e1tica mexicana en Lima deton\u00f3 la medida, que eleva al m\u00e1ximo la tensi\u00f3n bilateral.<\/p>\n\n\n\n<h2 class=\"wp-block-heading\">El detonante<\/h2>\n\n\n\n<p>De acuerdo con la Canciller\u00eda peruana, <strong>Betssy Ch\u00e1vez est\u00e1 asilada en la Embajada de M\u00e9xico<\/strong> en Lima. El Gobierno de Per\u00fa sostuvo que la concesi\u00f3n de asilo a una ex alta funcionaria procesada por la justicia peruana constituye una intervenci\u00f3n en asuntos internos. M\u00e9xico, por su parte, no hab\u00eda emitido una postura p\u00fablica detallada al cierre de esta edici\u00f3n.<\/p>\n\n\n\n<h2 class=\"wp-block-heading\">Antecedentes de una relaci\u00f3n deteriorada<\/h2>\n\n\n\n<ul class=\"wp-block-list\">\n<li>Desde la destituci\u00f3n y arresto de <strong>Pedro Castillo<\/strong> en 2022, Lima y Ciudad de M\u00e9xico han acumulado desencuentros diplom\u00e1ticos.<\/li>\n\n\n\n<li>Per\u00fa ya hab\u00eda reducido su representaci\u00f3n en M\u00e9xico y denunciado declaraciones \u201cinjerencistas\u201d de autoridades mexicanas.<\/li>\n\n\n\n<li>En episodios previos, M\u00e9xico otorg\u00f3 asilo a familiares de Castillo, lo que provoc\u00f3 protestas formales del Gobierno peruano.<\/li>\n<\/ul>\n\n\n\n<h2 class=\"wp-block-heading\">Implicaciones inmediatas<\/h2>\n\n\n\n<p>La ruptura de relaciones implica el <strong>cese de canales diplom\u00e1ticos a nivel embajada<\/strong>. Seg\u00fan adelant\u00f3 el canciller de Zela, se mantendr\u00edan <strong>servicios consulares<\/strong> b\u00e1sicos para ciudadanos de ambos pa\u00edses, aunque la coordinaci\u00f3n bilateral en comercio, seguridad y movilidad podr\u00eda verse afectada.<\/p>\n\n\n\n<h2 class=\"wp-block-heading\">Qu\u00e9 sigue<\/h2>\n\n\n\n<ul class=\"wp-block-list\">\n<li>Formalizaci\u00f3n de la ruptura mediante <strong>notas diplom\u00e1ticas<\/strong> y eventuales retiros de personal.<\/li>\n\n\n\n<li>Definici\u00f3n por parte de M\u00e9xico de su <strong>posici\u00f3n oficial<\/strong> sobre el asilo a Betssy Ch\u00e1vez.<\/li>\n\n\n\n<li>Posibles gestiones de terceros pa\u00edses u organismos regionales para <strong>encauzar una salida<\/strong> que restaure la comunicaci\u00f3n diplom\u00e1tica.<\/li>\n<\/ul>\n\n\n\n<p><strong>Edici\u00f3n:<\/strong> Redacci\u00f3n Internacional<\/p>\n\n\n\n<p><strong>Contacto:<\/strong> redaccion@tu-medio.mx<\/p>\n","protected":false},"excerpt":{"rendered":"<p>El canciller Hugo de Zela anunci\u00f3 la ruptura tras confirmarse que Betssy Ch\u00e1vez se encuentra asilada en la residencia de la Embajada de M\u00e9xico en Lima<\/p>\n","protected":false},"author":1,"featured_media":2704,"comment_status":"closed","ping_status":"closed","sticky":false,"template":"","format":"standard","meta":{"twitterCardType":"","cardImageID":0,"cardImage":"","cardTitle":"","cardDesc":"","cardImageAlt":"","cardPlayer":"","cardPlayerWidth":0,"cardPlayerHeight":0,"cardPlayerStream":"","cardPlayerCodec":"","footnotes":""},"categories":[11,8],"tags":[],"class_list":["post-2705","post","type-post","status-publish","format-standard","has-post-thumbnail","hentry","category-internacional","category-noticias"],"_links":{"self":[{"href":"https:\/\/literalmex.com\/index.php\/wp-json\/wp\/v2\/posts\/2705","targetHints":{"allow":["GET"]}}],"collection":[{"href":"https:\/\/literalmex.com\/index.php\/wp-json\/wp\/v2\/posts"}],"about":[{"href":"https:\/\/literalmex.com\/index.php\/wp-json\/wp\/v2\/types\/post"}],"author":[{"embeddable":true,"href":"https:\/\/literalmex.com\/index.php\/wp-json\/wp\/v2\/users\/1"}],"replies":[{"embeddable":true,"href":"https:\/\/literalmex.com\/index.php\/wp-json\/wp\/v2\/comments?post=2705"}],"version-history":[{"count":1,"href":"https:\/\/literalmex.com\/index.php\/wp-json\/wp\/v2\/posts\/2705\/revisions"}],"predecessor-version":[{"id":2706,"href":"https:\/\/literalmex.com\/index.php\/wp-json\/wp\/v2\/posts\/2705\/revisions\/2706"}],"wp:featuredmedia":[{"embeddable":true,"href":"https:\/\/literalmex.com\/index.php\/wp-json\/wp\/v2\/media\/2704"}],"wp:attachment":[{"href":"https:\/\/literalmex.com\/index.php\/wp-json\/wp\/v2\/media?parent=2705"}],"wp:term":[{"taxonomy":"category","embeddable":true,"href":"https:\/\/literalmex.com\/index.php\/wp-json\/wp\/v2\/categories?post=2705"},{"taxonomy":"post_tag","embeddable":true,"href":"https:\/\/literalmex.com\/index.php\/wp-json\/wp\/v2\/tags?post=2705"}],"curies":[{"name":"wp","href":"https:\/\/api.w.org\/{rel}","templated":true}]}}