{"id":2716,"date":"2025-11-05T14:27:51","date_gmt":"2025-11-05T14:27:51","guid":{"rendered":"https:\/\/literalmex.com\/?p=2716"},"modified":"2025-11-05T15:43:44","modified_gmt":"2025-11-05T15:43:44","slug":"ni-a-claudia-sheinbaum-pueden-cuidar-detienen-a-hombre-que-la-acoso-sexualmente","status":"publish","type":"post","link":"https:\/\/literalmex.com\/index.php\/2025\/11\/05\/ni-a-claudia-sheinbaum-pueden-cuidar-detienen-a-hombre-que-la-acoso-sexualmente\/","title":{"rendered":"Ni a Claudia pueden cuidar: detienen \u00a15 horas despu\u00e9s! a hombre que la acoso sexualmente"},"content":{"rendered":"\n<figure class=\"wp-block-image size-large\"><a href=\"https:\/\/comunicacionsocial.diputados.gob.mx\/\"><img fetchpriority=\"high\" decoding=\"async\" width=\"1024\" height=\"154\" src=\"https:\/\/literalmex.com\/wp-content\/uploads\/2025\/10\/CURP-728X90-1024x154.png\" alt=\"\" class=\"wp-image-2569\" srcset=\"https:\/\/literalmex.com\/wp-content\/uploads\/2025\/10\/CURP-728X90-1024x154.png 1024w, https:\/\/literalmex.com\/wp-content\/uploads\/2025\/10\/CURP-728X90-300x45.png 300w, https:\/\/literalmex.com\/wp-content\/uploads\/2025\/10\/CURP-728X90-768x115.png 768w, https:\/\/literalmex.com\/wp-content\/uploads\/2025\/10\/CURP-728X90-1536x231.png 1536w, https:\/\/literalmex.com\/wp-content\/uploads\/2025\/10\/CURP-728X90-2048x308.png 2048w\" sizes=\"(max-width: 1024px) 100vw, 1024px\" \/><\/a><\/figure>\n\n\n\n<p>La Fiscal\u00eda General de Justicia de la Ciudad de M\u00e9xico confirm\u00f3 la detenci\u00f3n de un hombre que acos\u00f3 f\u00edsicamente a la presidenta de M\u00e9xico, <strong>Claudia Sheinbaum<\/strong>, mientras caminaba por el Centro Hist\u00f3rico de la capital.<\/p>\n\n\n\n<p>En el video, que se viraliz\u00f3 en redes, se observa que el sujeto se acerca por detr\u00e1s, <strong>la abraza e intenta besarla sin su consentimiento<\/strong>. Sheinbaum lo aparta visiblemente inc\u00f3moda.<\/p>\n\n\n\n<p>Lo que m\u00e1s indign\u00f3 es que el equipo de seguridad presidencial \u2014la llamada <strong>ayudant\u00eda<\/strong>\u2014 estaba a cent\u00edmetros de la mandataria y, aun as\u00ed, <strong>solo lo apartaron y lo dejaron ir<\/strong>. El hombre no fue asegurado en ese momento, pese a estar frente a la jefa del Estado mexicano.<\/p>\n\n\n\n<p>La captura ocurri\u00f3 hasta <strong>cinco horas despu\u00e9s<\/strong>, cerca de las 21:00 horas, tambi\u00e9n en la zona centro. De acuerdo con el <strong>Registro Nacional de Detenciones<\/strong>, el agresor fue identificado como <strong>Uriel \u201cN\u201d<\/strong> y trasladado a la <strong>Fiscal\u00eda de Investigaci\u00f3n de Delitos Sexuales<\/strong> en la colonia Doctores. La fiscal\u00eda buscar\u00e1 imputar los delitos de <strong>acoso sexual y abuso sexual<\/strong>.<\/p>\n\n\n\n<figure class=\"wp-block-video\"><video height=\"624\" style=\"aspect-ratio: 1000 \/ 624;\" width=\"1000\" controls src=\"https:\/\/literalmex.com\/wp-content\/uploads\/2025\/11\/slideshow-Acosan-sexualmente-a-CSP-1.mp4\"><\/video><\/figure>\n\n\n\n<h2 class=\"wp-block-heading\">La ayudant\u00eda, sin capacidad para proteger a la Presidenta<\/h2>\n\n\n\n<p>El episodio exhibi\u00f3 nuevamente las limitaciones de la ayudant\u00eda, el cuerpo de seguridad civil que sustituy\u00f3 al Estado Mayor Presidencial. Ninguno de sus integrantes <strong>actu\u00f3 para contener o asegurar al agresor<\/strong> en el instante del hecho, lo que abri\u00f3 cuestionamientos sobre la pertinencia de mantener un esquema sin personal especializado ni protocolos de reacci\u00f3n efectiva.<\/p>\n\n\n\n<figure class=\"wp-block-image size-large\"><a href=\"https:\/\/whatsapp.com\/channel\/0029Vb6oQhhK0IBaXTxnsl3w\"><img decoding=\"async\" width=\"1024\" height=\"522\" src=\"https:\/\/literalmex.com\/wp-content\/uploads\/2025\/10\/Literal-canal-whatsapp-banner-1024x522.jpg\" alt=\"\" class=\"wp-image-2610\" srcset=\"https:\/\/literalmex.com\/wp-content\/uploads\/2025\/10\/Literal-canal-whatsapp-banner-1024x522.jpg 1024w, https:\/\/literalmex.com\/wp-content\/uploads\/2025\/10\/Literal-canal-whatsapp-banner-300x153.jpg 300w, https:\/\/literalmex.com\/wp-content\/uploads\/2025\/10\/Literal-canal-whatsapp-banner-768x392.jpg 768w, https:\/\/literalmex.com\/wp-content\/uploads\/2025\/10\/Literal-canal-whatsapp-banner.jpg 1059w\" sizes=\"(max-width: 1024px) 100vw, 1024px\" \/><\/a><\/figure>\n\n\n\n<h2 class=\"wp-block-heading\">Contexto de violencia pol\u00edtica: dos asesinatos recientes<\/h2>\n\n\n\n<p>Todo ocurre en un momento cr\u00edtico para la seguridad del pa\u00eds:<\/p>\n\n\n\n<ul class=\"wp-block-list\">\n<li><strong>Carlos Manzo<\/strong>, alcalde de Uruapan, Michoac\u00e1n, fue asesinado el 1 de noviembre durante un evento p\u00fablico.<\/li>\n\n\n\n<li><strong>Bernardo Bravo<\/strong>, l\u00edder limonero de Apatzing\u00e1n, tambi\u00e9n en Michoac\u00e1n, fue ejecutado d\u00edas antes.<\/li>\n<\/ul>\n\n\n\n<p>Mientras alcaldes y l\u00edderes sociales est\u00e1n siendo asesinados, la mandataria qued\u00f3 expuesta en plena v\u00eda p\u00fablica ante una agresi\u00f3n f\u00edsica sin respuesta inmediata de su personal de seguridad.<\/p>\n\n\n\n<h2 class=\"wp-block-heading\">Clara Brugada capitaliza pol\u00edticamente el incidente<\/h2>\n\n\n\n<p>Pocas horas despu\u00e9s del hecho, la jefa de Gobierno de la Ciudad de M\u00e9xico, <strong>Clara Brugada<\/strong>, difundi\u00f3 un comunicado utilizando el caso para posicionarse pol\u00edticamente, remat\u00e1ndolo con la frase:<\/p>\n\n\n\n<blockquote class=\"wp-block-quote is-layout-flow wp-block-quote-is-layout-flow\">\n<p><strong>\u201cPresidenta, no est\u00e1s sola.\u201d<\/strong><\/p>\n<\/blockquote>\n\n\n\n<p>Brugada acompa\u00f1\u00f3 el mensaje con la narrativa de lucha feminista, buscando capitalizar el incidente como s\u00edmbolo pol\u00edtico. El gesto fue interpretado en redes como <strong>oportunismo<\/strong>, pues la agresi\u00f3n ocurri\u00f3 frente a la ayudant\u00eda y nadie actu\u00f3 hasta horas despu\u00e9s.<\/p>\n","protected":false},"excerpt":{"rendered":"<p>Uriel &#8220;N&#8221; la abraz\u00f3 y beso en una caminata por el Centro Hist\u00f3rico. Momentos despu\u00e9s la ayudant\u00eda lo fren\u00f3, pero lo dej\u00f3 ir y 5 horas despu\u00e9s lo detiene la polic\u00eda. Oportunismo: Clara Brugada grita: &#8220;Presidenta no est\u00e1s sola&#8221;<\/p>\n","protected":false},"author":1,"featured_media":2717,"comment_status":"closed","ping_status":"closed","sticky":false,"template":"","format":"standard","meta":{"twitterCardType":"","cardImageID":0,"cardImage":"","cardTitle":"","cardDesc":"","cardImageAlt":"","cardPlayer":"","cardPlayerWidth":0,"cardPlayerHeight":0,"cardPlayerStream":"","cardPlayerCodec":"","footnotes":""},"categories":[10,9,8],"tags":[786,787,170,129],"class_list":["post-2716","post","type-post","status-publish","format-standard","has-post-thumbnail","hentry","category-ciudad","category-nacional","category-noticias","tag-acoso","tag-ayudantia","tag-clara-brugada","tag-claudia-sheinbaum"],"_links":{"self":[{"href":"https:\/\/literalmex.com\/index.php\/wp-json\/wp\/v2\/posts\/2716","targetHints":{"allow":["GET"]}}],"collection":[{"href":"https:\/\/literalmex.com\/index.php\/wp-json\/wp\/v2\/posts"}],"about":[{"href":"https:\/\/literalmex.com\/index.php\/wp-json\/wp\/v2\/types\/post"}],"author":[{"embeddable":true,"href":"https:\/\/literalmex.com\/index.php\/wp-json\/wp\/v2\/users\/1"}],"replies":[{"embeddable":true,"href":"https:\/\/literalmex.com\/index.php\/wp-json\/wp\/v2\/comments?post=2716"}],"version-history":[{"count":7,"href":"https:\/\/literalmex.com\/index.php\/wp-json\/wp\/v2\/posts\/2716\/revisions"}],"predecessor-version":[{"id":2729,"href":"https:\/\/literalmex.com\/index.php\/wp-json\/wp\/v2\/posts\/2716\/revisions\/2729"}],"wp:featuredmedia":[{"embeddable":true,"href":"https:\/\/literalmex.com\/index.php\/wp-json\/wp\/v2\/media\/2717"}],"wp:attachment":[{"href":"https:\/\/literalmex.com\/index.php\/wp-json\/wp\/v2\/media?parent=2716"}],"wp:term":[{"taxonomy":"category","embeddable":true,"href":"https:\/\/literalmex.com\/index.php\/wp-json\/wp\/v2\/categories?post=2716"},{"taxonomy":"post_tag","embeddable":true,"href":"https:\/\/literalmex.com\/index.php\/wp-json\/wp\/v2\/tags?post=2716"}],"curies":[{"name":"wp","href":"https:\/\/api.w.org\/{rel}","templated":true}]}}