{"id":2730,"date":"2025-11-06T19:02:33","date_gmt":"2025-11-06T19:02:33","guid":{"rendered":"https:\/\/literalmex.com\/?p=2730"},"modified":"2025-11-06T19:02:34","modified_gmt":"2025-11-06T19:02:34","slug":"peru-declara-persona-non-grata-a-sheinbaum-tras-ruptura-diplomatica-por-asilo-a-betssy-chavez","status":"publish","type":"post","link":"https:\/\/literalmex.com\/index.php\/2025\/11\/06\/peru-declara-persona-non-grata-a-sheinbaum-tras-ruptura-diplomatica-por-asilo-a-betssy-chavez\/","title":{"rendered":"Per\u00fa declara &#8220;persona non grata&#8221; a Sheinbaum tras ruptura diplom\u00e1tica por asilo a Betssy Ch\u00e1vez"},"content":{"rendered":"\n<figure class=\"wp-block-image size-large\"><a href=\"https:\/\/comunicacionsocial.diputados.gob.mx\/\"><img fetchpriority=\"high\" decoding=\"async\" width=\"1024\" height=\"154\" src=\"https:\/\/literalmex.com\/wp-content\/uploads\/2025\/10\/CURP-728X90-1024x154.png\" alt=\"\" class=\"wp-image-2569\" srcset=\"https:\/\/literalmex.com\/wp-content\/uploads\/2025\/10\/CURP-728X90-1024x154.png 1024w, https:\/\/literalmex.com\/wp-content\/uploads\/2025\/10\/CURP-728X90-300x45.png 300w, https:\/\/literalmex.com\/wp-content\/uploads\/2025\/10\/CURP-728X90-768x115.png 768w, https:\/\/literalmex.com\/wp-content\/uploads\/2025\/10\/CURP-728X90-1536x231.png 1536w, https:\/\/literalmex.com\/wp-content\/uploads\/2025\/10\/CURP-728X90-2048x308.png 2048w\" sizes=\"(max-width: 1024px) 100vw, 1024px\" \/><\/a><\/figure>\n\n\n\n<p><em>El Pleno aprob\u00f3 la moci\u00f3n con 63 votos a favor, 34 en contra y 2 abstenciones, en el contexto de la ruptura de relaciones diplom\u00e1ticas con M\u00e9xico tras el asilo pol\u00edtico otorgado a la ex primera ministra Betssy Ch\u00e1vez.<\/em><\/p>\n\n\n\n<p>El Congreso de la Rep\u00fablica del Per\u00fa declar\u00f3 este jueves 6 de noviembre de 2025 <em>persona non grata<\/em> a la presidenta de M\u00e9xico, Claudia Sheinbaum. La moci\u00f3n se aprob\u00f3 con <strong>63 votos a favor, 34 en contra y 2 abstenciones<\/strong>, al considerar que la mandataria mexicana ha mostrado una \u201cconducta hostil\u201d hacia el pa\u00eds andino desde el inicio de su administraci\u00f3n.<\/p>\n\n\n\n<figure class=\"wp-block-image size-large\"><a href=\"https:\/\/whatsapp.com\/channel\/0029Vb6oQhhK0IBaXTxnsl3w\"><img decoding=\"async\" width=\"1024\" height=\"522\" src=\"https:\/\/literalmex.com\/wp-content\/uploads\/2025\/10\/Literal-canal-whatsapp-banner-1024x522.jpg\" alt=\"\" class=\"wp-image-2610\" srcset=\"https:\/\/literalmex.com\/wp-content\/uploads\/2025\/10\/Literal-canal-whatsapp-banner-1024x522.jpg 1024w, https:\/\/literalmex.com\/wp-content\/uploads\/2025\/10\/Literal-canal-whatsapp-banner-300x153.jpg 300w, https:\/\/literalmex.com\/wp-content\/uploads\/2025\/10\/Literal-canal-whatsapp-banner-768x392.jpg 768w, https:\/\/literalmex.com\/wp-content\/uploads\/2025\/10\/Literal-canal-whatsapp-banner.jpg 1059w\" sizes=\"(max-width: 1024px) 100vw, 1024px\" \/><\/a><\/figure>\n\n\n\n<h2 class=\"wp-block-heading\">Ruptura diplom\u00e1tica y contexto<\/h2>\n\n\n\n<p>La decisi\u00f3n legislativa ocurre un d\u00eda despu\u00e9s de que el Gobierno peruano anunciara la <strong>ruptura de relaciones diplom\u00e1ticas con M\u00e9xico<\/strong>, a ra\u00edz del asilo pol\u00edtico concedido por la Canciller\u00eda mexicana a <strong>Betssy Ch\u00e1vez<\/strong>, ex jefa del Gabinete de Pedro Castillo, procesada por su presunta participaci\u00f3n en el fallido intento de disolver el Congreso en diciembre de 2022.<\/p>\n\n\n\n<h2 class=\"wp-block-heading\">Qu\u00e9 sostiene la moci\u00f3n<\/h2>\n\n\n\n<p>El documento aprobado por el Pleno argumenta que la presidenta mexicana mantiene una postura injerencista y que sus declaraciones y gestos pol\u00edticos han afectado la relaci\u00f3n bilateral. La moci\u00f3n forma parte de una secuencia de desencuentros diplom\u00e1ticos iniciados en 2022, durante la crisis que sigui\u00f3 a la destituci\u00f3n de Castillo.<\/p>\n\n\n\n<h2 class=\"wp-block-heading\">Relaci\u00f3n bilateral deteriorada desde 2023<\/h2>\n\n\n\n<p>Desde inicios de 2023, Lima y Ciudad de M\u00e9xico carec\u00edan de embajadores, y el deterioro se acentu\u00f3 con la concesi\u00f3n de asilo a la esposa e hijos de Castillo. La reciente concesi\u00f3n de asilo a Ch\u00e1vez elev\u00f3 la tensi\u00f3n al m\u00e1ximo, derivando en la ruptura de relaciones y en la declaraci\u00f3n de <em>non grata<\/em> a la jefa de Estado mexicana.<\/p>\n\n\n\n<h2 class=\"wp-block-heading\">Panorama pol\u00edtico en Per\u00fa<\/h2>\n\n\n\n<p>La medida del Congreso peruano se produce en un escenario interno marcado por cambios en el Ejecutivo y por un clima de alta conflictividad pol\u00edtica. El Gobierno ha defendido la decisi\u00f3n de romper relaciones con M\u00e9xico como respuesta a lo que considera una injerencia inadmisible.<\/p>\n\n\n\n<p><small>Fecha de actualizaci\u00f3n: 6 de noviembre de 2025 (hora local de M\u00e9xico).<\/small><\/p>\n","protected":false},"excerpt":{"rendered":"<p>El Congreso peruano lo aprob\u00f3 por 63 votos a favor, 34 en contra y 2 abstenciones, en el contexto de la ruptura de relaciones diplom\u00e1ticas con M\u00e9xico tras el asilo pol\u00edtico otorgado a la ex primera ministra de Pedro Castillo.<\/p>\n","protected":false},"author":1,"featured_media":2731,"comment_status":"closed","ping_status":"closed","sticky":false,"template":"","format":"standard","meta":{"twitterCardType":"","cardImageID":0,"cardImage":"","cardTitle":"","cardDesc":"","cardImageAlt":"","cardPlayer":"","cardPlayerWidth":0,"cardPlayerHeight":0,"cardPlayerStream":"","cardPlayerCodec":"","footnotes":""},"categories":[11,9,8],"tags":[781,129,788,782,789],"class_list":["post-2730","post","type-post","status-publish","format-standard","has-post-thumbnail","hentry","category-internacional","category-nacional","category-noticias","tag-betssy-chavez","tag-claudia-sheinbaum","tag-congreso-de-peru","tag-pedro-castillo","tag-persona-non-grata"],"_links":{"self":[{"href":"https:\/\/literalmex.com\/index.php\/wp-json\/wp\/v2\/posts\/2730","targetHints":{"allow":["GET"]}}],"collection":[{"href":"https:\/\/literalmex.com\/index.php\/wp-json\/wp\/v2\/posts"}],"about":[{"href":"https:\/\/literalmex.com\/index.php\/wp-json\/wp\/v2\/types\/post"}],"author":[{"embeddable":true,"href":"https:\/\/literalmex.com\/index.php\/wp-json\/wp\/v2\/users\/1"}],"replies":[{"embeddable":true,"href":"https:\/\/literalmex.com\/index.php\/wp-json\/wp\/v2\/comments?post=2730"}],"version-history":[{"count":1,"href":"https:\/\/literalmex.com\/index.php\/wp-json\/wp\/v2\/posts\/2730\/revisions"}],"predecessor-version":[{"id":2732,"href":"https:\/\/literalmex.com\/index.php\/wp-json\/wp\/v2\/posts\/2730\/revisions\/2732"}],"wp:featuredmedia":[{"embeddable":true,"href":"https:\/\/literalmex.com\/index.php\/wp-json\/wp\/v2\/media\/2731"}],"wp:attachment":[{"href":"https:\/\/literalmex.com\/index.php\/wp-json\/wp\/v2\/media?parent=2730"}],"wp:term":[{"taxonomy":"category","embeddable":true,"href":"https:\/\/literalmex.com\/index.php\/wp-json\/wp\/v2\/categories?post=2730"},{"taxonomy":"post_tag","embeddable":true,"href":"https:\/\/literalmex.com\/index.php\/wp-json\/wp\/v2\/tags?post=2730"}],"curies":[{"name":"wp","href":"https:\/\/api.w.org\/{rel}","templated":true}]}}