{"id":2739,"date":"2025-11-08T12:59:27","date_gmt":"2025-11-08T12:59:27","guid":{"rendered":"https:\/\/literalmex.com\/?p=2739"},"modified":"2025-11-08T13:09:27","modified_gmt":"2025-11-08T13:09:27","slug":"alcalde-musulman-y-socialista-de-nueva-york-elogia-a-claudia-sheinbaum-es-una-inspiracion","status":"publish","type":"post","link":"https:\/\/literalmex.com\/index.php\/2025\/11\/08\/alcalde-musulman-y-socialista-de-nueva-york-elogia-a-claudia-sheinbaum-es-una-inspiracion\/","title":{"rendered":"Alcalde musulm\u00e1n y socialista de Nueva York elogia a Claudia Sheinbaum: \u201cEs una inspiraci\u00f3n\u201d"},"content":{"rendered":"\n<p>El nuevo alcalde de Nueva York, <strong>Zohran Mamdani<\/strong>, sorprendi\u00f3 al citar a la presidenta de M\u00e9xico, <strong>Claudia Sheinbaum<\/strong>, como un modelo de liderazgo progresista. En un mitin, asegur\u00f3 que la mandataria mexicana es \u201cuna inspiraci\u00f3n\u201d y que su gesti\u00f3n deber\u00eda servir de ejemplo para la ciudad estadounidense.<\/p>\n\n\n\n<p>Durante un acto p\u00fablico, Mamdani afirm\u00f3: <strong>\u201cElla es una inspiraci\u00f3n para todos. Necesitamos a m\u00e1s l\u00edderes como Claudia Sheinbaum.\u201d<\/strong><\/p>\n\n\n\n<p>Incluso hizo referencia al <strong>24 de junio<\/strong> como fecha de cumplea\u00f1os de la presidenta mexicana, detalle que gener\u00f3 reacciones entre los asistentes. Al ser consultado sobre c\u00f3mo gobernar\u00eda Nueva York, a\u00f1adi\u00f3:<\/p>\n\n\n\n<blockquote class=\"wp-block-quote is-layout-flow wp-block-quote-is-layout-flow\">\n<p><strong>\u201cDebemos tomar el ejemplo de los vecinos, como Claudia Sheinbaum en M\u00e9xico.\u201d<\/strong><\/p>\n<\/blockquote>\n\n\n\n<h2 class=\"wp-block-heading\">Reacci\u00f3n en M\u00e9xico<\/h2>\n\n\n\n<p>Hasta el momento, Sheinbaum no ha respondido directamente a los elogios. No obstante, en su conferencia matutina del mi\u00e9rcoles, al ser cuestionada sobre los comicios en Nueva York, se limit\u00f3 a comentar:<\/p>\n\n\n\n<blockquote class=\"wp-block-quote is-layout-flow wp-block-quote-is-layout-flow\">\n<p><strong>\u201cMuy interesante lo que ocurri\u00f3 ayer en Nueva York, para el an\u00e1lisis de todos.\u201d<\/strong><\/p>\n\n\n\n<p>A sus <strong>34 a\u00f1os<\/strong>, Mamdani gan\u00f3 la alcald\u00eda con <strong>m\u00e1s del 50% de los votos<\/strong> en una jornada con la participaci\u00f3n m\u00e1s alta desde 1969. Pas\u00f3 de legislador regional a liderar la ciudad m\u00e1s poblada de Estados Unidos, impulsado por un electorado que busc\u00f3 un viraje progresista.<\/p>\n<\/blockquote>\n\n\n\n<p>La contienda estuvo marcada por una fuerte polarizaci\u00f3n. En los d\u00edas previos, el presidente republicano <strong>Donald Trump<\/strong> y el empresario <strong>Elon Musk<\/strong> respaldaron al segundo lugar, <strong>Andrew Cuomo<\/strong>, exgobernador de Nueva York. Mamdani respondi\u00f3 en una entrevista con MSNBC:<\/p>\n\n\n\n<blockquote class=\"wp-block-quote is-layout-flow wp-block-quote-is-layout-flow\">\n<p><strong>\u201cSi usted est\u00e1 contento con la agenda de Donald Trump, si quiere ver m\u00e1s de la agenda migratoria de Stephen Miller, si cree correcto que el hombre m\u00e1s rico del mundo domine la democracia para su propio beneficio, vote a Andrew Cuomo.\u201d<\/strong><\/p>\n<\/blockquote>\n\n\n\n<p>Se convirti\u00f3 as\u00ed en el <strong>alcalde m\u00e1s joven de Nueva York desde 1892<\/strong> y en el primero en identificarse abiertamente como <strong>musulm\u00e1n y socialista<\/strong>.<\/p>\n\n\n\n<p>Cuestionado por su juventud y experiencia, Mamdani ha sostenido que esa condici\u00f3n aporta una doble virtud:<\/p>\n\n\n\n<blockquote class=\"wp-block-quote is-layout-flow wp-block-quote-is-layout-flow\">\n<p><strong>\u201cLa arrogancia de un sentido innato de la posibilidad\u201d<\/strong> y la <strong>\u201chumildad porque no lo sabes todo, y debes rodearte de expertos.\u201d<\/strong><\/p>\n<\/blockquote>\n\n\n\n<p>Con sus elogios a Sheinbaum, el alcalde electo de Nueva York no solo env\u00eda un mensaje a su electorado, sino que reconoce a M\u00e9xico como un referente de gobernanza progresista en el debate p\u00fablico internacional.<\/p>\n","protected":false},"excerpt":{"rendered":"<p>La presidenta de M\u00e9xico responde que es &#8220;muy interesante&#8221; la victoria de Zohran Mamdani, a quien Donald Trump considera enemigo  pol\u00edtico<\/p>\n","protected":false},"author":1,"featured_media":2740,"comment_status":"closed","ping_status":"closed","sticky":false,"template":"","format":"standard","meta":{"twitterCardType":"","cardImageID":0,"cardImage":"","cardTitle":"","cardDesc":"","cardImageAlt":"","cardPlayer":"","cardPlayerWidth":0,"cardPlayerHeight":0,"cardPlayerStream":"","cardPlayerCodec":"","footnotes":""},"categories":[11,8],"tags":[129,792,791],"class_list":["post-2739","post","type-post","status-publish","format-standard","has-post-thumbnail","hentry","category-internacional","category-noticias","tag-claudia-sheinbaum","tag-nueva-york","tag-zohran-mamdani"],"_links":{"self":[{"href":"https:\/\/literalmex.com\/index.php\/wp-json\/wp\/v2\/posts\/2739","targetHints":{"allow":["GET"]}}],"collection":[{"href":"https:\/\/literalmex.com\/index.php\/wp-json\/wp\/v2\/posts"}],"about":[{"href":"https:\/\/literalmex.com\/index.php\/wp-json\/wp\/v2\/types\/post"}],"author":[{"embeddable":true,"href":"https:\/\/literalmex.com\/index.php\/wp-json\/wp\/v2\/users\/1"}],"replies":[{"embeddable":true,"href":"https:\/\/literalmex.com\/index.php\/wp-json\/wp\/v2\/comments?post=2739"}],"version-history":[{"count":2,"href":"https:\/\/literalmex.com\/index.php\/wp-json\/wp\/v2\/posts\/2739\/revisions"}],"predecessor-version":[{"id":2742,"href":"https:\/\/literalmex.com\/index.php\/wp-json\/wp\/v2\/posts\/2739\/revisions\/2742"}],"wp:featuredmedia":[{"embeddable":true,"href":"https:\/\/literalmex.com\/index.php\/wp-json\/wp\/v2\/media\/2740"}],"wp:attachment":[{"href":"https:\/\/literalmex.com\/index.php\/wp-json\/wp\/v2\/media?parent=2739"}],"wp:term":[{"taxonomy":"category","embeddable":true,"href":"https:\/\/literalmex.com\/index.php\/wp-json\/wp\/v2\/categories?post=2739"},{"taxonomy":"post_tag","embeddable":true,"href":"https:\/\/literalmex.com\/index.php\/wp-json\/wp\/v2\/tags?post=2739"}],"curies":[{"name":"wp","href":"https:\/\/api.w.org\/{rel}","templated":true}]}}