{"id":2951,"date":"2026-01-05T14:46:22","date_gmt":"2026-01-05T14:46:22","guid":{"rendered":"https:\/\/literalmex.com\/?p=2951"},"modified":"2026-01-05T14:46:22","modified_gmt":"2026-01-05T14:46:22","slug":"victimas-del-interoceanico-van-contra-la-marina-sus-contratistas-funcionarios-y-otros-involucrados","status":"publish","type":"post","link":"https:\/\/literalmex.com\/index.php\/2026\/01\/05\/victimas-del-interoceanico-van-contra-la-marina-sus-contratistas-funcionarios-y-otros-involucrados\/","title":{"rendered":"V\u00edctimas del Interoce\u00e1nico van contra la Marina, sus contratistas, funcionarios y otros involucrados"},"content":{"rendered":"\n<p>V\u00edctimas directas del descarrilamiento del <strong>Tren Interoce\u00e1nico<\/strong>, ocurrido el <strong>28 de diciembre<\/strong> en Oaxaca, presentar\u00e1n una <strong>denuncia penal<\/strong> ante la <strong>Fiscal\u00eda General de la Rep\u00fablica (FGR)<\/strong> contra <strong>constructoras, contratistas, servidores p\u00fablicos<\/strong>.<\/p>\n\n\n\n<p><strong>La Secretar\u00eda de Marina (Semar)<\/strong> desde la administraci\u00f3n del almirante Rafael Ojeda Dur\u00e1n hasta el almirante Raymundo Morales, est\u00e1 directamente <strong>involucrada en la operaci\u00f3n, en las contrataciones y la supervisi\u00f3n<\/strong> del proyecto ferroviario.<\/p>\n\n\n\n<p>Acompa\u00f1adas por su equipo legal, las v\u00edctimas acudir\u00e1n a la FGR para exponer <strong>presuntas irregularidades<\/strong> en la <strong>construcci\u00f3n, rehabilitaci\u00f3n, supervisi\u00f3n y operaci\u00f3n<\/strong> de la <strong>L\u00ednea Z<\/strong>, responsabilidades que \u2014subrayan\u2014 <strong>recaen en la Marina<\/strong>, dependencia que <strong>administra y opera<\/strong> el <strong>Corredor Interoce\u00e1nico del Istmo de Tehuantepec<\/strong> y que ha tenido <strong>control sobre procesos de contrataci\u00f3n y ejecuci\u00f3n<\/strong>.<\/p>\n\n\n\n<p>\u201cLa denuncia busca que se investiguen las <strong>graves fallas t\u00e9cnicas y administrativas<\/strong>, as\u00ed como la <strong>cadena de decisiones<\/strong> adoptadas bajo la gesti\u00f3n de la Semar, que habr\u00edan derivado en la tragedia\u201d, indica la invitaci\u00f3n a medios enviada por el despacho <strong>Vega Mac Gregor Arellano<\/strong>, en la que se adelanta que se har\u00e1 p\u00fablico el <strong>contenido \u00edntegro de la denuncia<\/strong> y el <strong>pliego de exigencias<\/strong> de los afectados.<\/p>\n\n\n\n<p>El descarrilamiento se registr\u00f3 a las <strong>9:28 horas<\/strong> del 28 de diciembre, en la zona de <strong>Nizanda<\/strong>, municipio de <strong>Asunci\u00f3n Ixtaltepec<\/strong>, sobre la <strong>L\u00ednea Z<\/strong>, con un saldo de <strong>14 personas fallecidas<\/strong>. El proyecto \u2014de car\u00e1cter federal\u2014 es <strong>operado por la Marina<\/strong>, que adem\u00e1s <strong>coordina la vigilancia, el mantenimiento y la seguridad<\/strong> del sistema ferroviario.<\/p>\n\n\n\n<figure class=\"wp-block-embed is-type-wp-embed is-provider-literal-m-xico wp-block-embed-literal-m-xico\"><div class=\"wp-block-embed__wrapper\">\n<blockquote class=\"wp-embedded-content\" data-secret=\"owPbqnQsxn\"><a href=\"https:\/\/literalmex.com\/index.php\/2025\/12\/28\/se-descarrila-tren-interoceanico-en-oaxaca-con-241-pasajeros-y-9-tripulantes\/\">Se descarrila Tren Interoce\u00e1nico en Oaxaca con 241 pasajeros y 9 tripulantes<\/a><\/blockquote><iframe class=\"wp-embedded-content\" sandbox=\"allow-scripts\" security=\"restricted\" style=\"position: absolute; visibility: hidden;\" title=\"&#8220;Se descarrila Tren Interoce\u00e1nico en Oaxaca con 241 pasajeros y 9 tripulantes&#8221; &#8212; Literal M\u00e9xico\" src=\"https:\/\/literalmex.com\/index.php\/2025\/12\/28\/se-descarrila-tren-interoceanico-en-oaxaca-con-241-pasajeros-y-9-tripulantes\/embed\/#?secret=KWbylw4V4C#?secret=owPbqnQsxn\" data-secret=\"owPbqnQsxn\" width=\"600\" height=\"338\" frameborder=\"0\" marginwidth=\"0\" marginheight=\"0\" scrolling=\"no\"><\/iframe>\n<\/div><\/figure>\n\n\n\n<p>Los abogados sostienen que la investigaci\u00f3n debe abarcar <strong>posibles omisiones en supervisi\u00f3n<\/strong>, <strong>deficiencias en la calidad de obra<\/strong>, <strong>contrataciones irregulares<\/strong> y <strong>fallas operativas<\/strong>, con el fin de <strong>acreditar responsabilidades penales y administrativas<\/strong> no s\u00f3lo de empresas privadas, sino tambi\u00e9n de <strong>mandos y funcionarios<\/strong> de la Semar vinculados a la gesti\u00f3n del tren.<\/p>\n\n\n\n<p>Previo a la presentaci\u00f3n formal de la denuncia, las v\u00edctimas emitir\u00e1n un <strong>mensaje inicial a los medios<\/strong>, donde detallar\u00e1n <strong>las presuntas responsabilidades de la Marina<\/strong> y las <strong>acciones legales<\/strong> que emprender\u00e1n para garantizar <strong>verdad, justicia y reparaci\u00f3n del da\u00f1o<\/strong>.<\/p>\n","protected":false},"excerpt":{"rendered":"<p>Representados por el despacho Vega Mac Gregor Arellano, presentar\u00e1n una denuncia penal ante la Fiscal\u00eda General de la Rep\u00fablica de Ernestina Godoy, contra constructoras, contratistas, servidores p\u00fablicos y m\u00e1s involucrados.<\/p>\n","protected":false},"author":1,"featured_media":2952,"comment_status":"closed","ping_status":"closed","sticky":false,"template":"","format":"standard","meta":{"twitterCardType":"","cardImageID":0,"cardImage":"","cardTitle":"","cardDesc":"","cardImageAlt":"","cardPlayer":"","cardPlayerWidth":0,"cardPlayerHeight":0,"cardPlayerStream":"","cardPlayerCodec":"","footnotes":""},"categories":[9,8],"tags":[129,80,55,880],"class_list":["post-2951","post","type-post","status-publish","format-standard","has-post-thumbnail","hentry","category-nacional","category-noticias","tag-claudia-sheinbaum","tag-ernestina-godoy","tag-fgr","tag-tren-interoceanico"],"_links":{"self":[{"href":"https:\/\/literalmex.com\/index.php\/wp-json\/wp\/v2\/posts\/2951","targetHints":{"allow":["GET"]}}],"collection":[{"href":"https:\/\/literalmex.com\/index.php\/wp-json\/wp\/v2\/posts"}],"about":[{"href":"https:\/\/literalmex.com\/index.php\/wp-json\/wp\/v2\/types\/post"}],"author":[{"embeddable":true,"href":"https:\/\/literalmex.com\/index.php\/wp-json\/wp\/v2\/users\/1"}],"replies":[{"embeddable":true,"href":"https:\/\/literalmex.com\/index.php\/wp-json\/wp\/v2\/comments?post=2951"}],"version-history":[{"count":1,"href":"https:\/\/literalmex.com\/index.php\/wp-json\/wp\/v2\/posts\/2951\/revisions"}],"predecessor-version":[{"id":2953,"href":"https:\/\/literalmex.com\/index.php\/wp-json\/wp\/v2\/posts\/2951\/revisions\/2953"}],"wp:featuredmedia":[{"embeddable":true,"href":"https:\/\/literalmex.com\/index.php\/wp-json\/wp\/v2\/media\/2952"}],"wp:attachment":[{"href":"https:\/\/literalmex.com\/index.php\/wp-json\/wp\/v2\/media?parent=2951"}],"wp:term":[{"taxonomy":"category","embeddable":true,"href":"https:\/\/literalmex.com\/index.php\/wp-json\/wp\/v2\/categories?post=2951"},{"taxonomy":"post_tag","embeddable":true,"href":"https:\/\/literalmex.com\/index.php\/wp-json\/wp\/v2\/tags?post=2951"}],"curies":[{"name":"wp","href":"https:\/\/api.w.org\/{rel}","templated":true}]}}