{"id":3048,"date":"2026-01-23T13:32:22","date_gmt":"2026-01-23T13:32:22","guid":{"rendered":"https:\/\/literalmex.com\/?p=3048"},"modified":"2026-01-23T13:32:23","modified_gmt":"2026-01-23T13:32:23","slug":"ministros-de-la-corte-del-acordeon-se-premian-con-super-camionetas-pese-a-promesas-de-austeridad","status":"publish","type":"post","link":"https:\/\/literalmex.com\/index.php\/2026\/01\/23\/ministros-de-la-corte-del-acordeon-se-premian-con-super-camionetas-pese-a-promesas-de-austeridad\/","title":{"rendered":"Ministros de la \u201cCorte del Acorde\u00f3n\u201d se premian con super camionetas pese a promesas de austeridad"},"content":{"rendered":"\n<p>La promesa de austeridad y cercan\u00eda con el pueblo qued\u00f3 en entredicho. Ayer, los ministros de la llamada \u201cCorte del Pueblo\u201d estrenaron camionetas de lujo blindadas, con un costo superior a <strong>tres millones de pesos por unidad<\/strong>, en una decisi\u00f3n que contrasta abiertamente con el discurso p\u00fablico que acompa\u00f1\u00f3 la conformaci\u00f3n del nuevo m\u00e1ximo tribunal.<\/p>\n\n\n\n<p>De acuerdo con informaci\u00f3n oficial, los ministros ya se trasladan en <strong>camionetas Jeep Grand Cherokee<\/strong>, cuyo precio comercial ronda <strong>1.5 millones de pesos<\/strong>, a las que se sum\u00f3 un <strong>blindaje valuado en casi 2 millones de pesos<\/strong> por veh\u00edculo. El costo total por unidad supera as\u00ed los <strong>3 millones de pesos<\/strong>, en un pa\u00eds donde el discurso de la nueva Corte ha insistido en la eliminaci\u00f3n de gastos superfluos.<\/p>\n\n\n\n<p>En una breve justificaci\u00f3n, la <strong>Suprema Corte de Justicia de la Naci\u00f3n<\/strong> se\u00f1al\u00f3 que <em>\u201clas unidades en uso ya no cumpl\u00edan con los est\u00e1ndares adecuados de seguridad, por lo que su continuidad compromet\u00eda su operaci\u00f3n\u201d<\/em>. Sin embargo, hasta el momento <strong>no se ha informado de amenazas espec\u00edficas<\/strong> contra los ministros ni de resoluciones judiciales recientes que impliquen un riesgo extraordinario para su integridad, m\u00e1s all\u00e1 del que enfrenta cualquier ciudadano.<\/p>\n\n\n\n<h3 class=\"wp-block-heading\"><strong>Austeridad prometida, gasto cuestionado<\/strong><\/h3>\n\n\n\n<p>El contraste resulta a\u00fan m\u00e1s marcado si se considera que el presidente del \u00f3rgano judicial, <strong>Hugo Aguilar<\/strong>, hab\u00eda prometido una Corte austera, cercana a la ciudadan\u00eda y alejada de los privilegios hist\u00f3ricos del Poder Judicial. No obstante, la incorporaci\u00f3n de veh\u00edculos de alta gama y blindaje especializado reaviv\u00f3 las cr\u00edticas sobre la coherencia entre discurso y pr\u00e1ctica.<\/p>\n\n\n\n<p>La Corte afirm\u00f3 que la adquisici\u00f3n no implic\u00f3 un gasto adicional neto, al realizarse <em>\u201cde manera paralela al proceso de desincorporaci\u00f3n de un parque vehicular mayor al adquirido\u201d<\/em>. Sin embargo, <strong>no se detall\u00f3 cu\u00e1ntas unidades fueron dadas de baja<\/strong>, si ya hab\u00edan cumplido su vida \u00fatil ni el monto recuperado por su desincorporaci\u00f3n, lo que dej\u00f3 abiertas dudas sobre la verdadera magnitud del ajuste presupuestal.<\/p>\n\n\n\n<h3 class=\"wp-block-heading\"><strong>Sustituci\u00f3n de veh\u00edculos de alto costo<\/strong><\/h3>\n\n\n\n<p>Antes de esta renovaci\u00f3n, algunos ministros ya utilizaban <strong>camionetas Suburban High Country<\/strong>, cuyo precio supera los <strong>2 millones de pesos<\/strong>, sin contar el costo del blindaje. Ayer, esas unidades fueron sustituidas por los nuevos veh\u00edculos, lo que refuerza la percepci\u00f3n de continuidad en los esquemas de transporte de alto costo, pese al cambio de narrativa institucional.<\/p>\n\n\n\n<figure class=\"wp-block-embed is-type-rich is-provider-twitter wp-block-embed-twitter\"><div class=\"wp-block-embed__wrapper\">\n<blockquote class=\"twitter-tweet\" data-width=\"550\" data-dnt=\"true\"><p lang=\"es\" dir=\"ltr\">ESPURIO EL PRESIDENTE DE LA CORTE Y LOS MINISTROS EN LA L\u00d3GICA DE AMLO Y SHEINBAUM<br><br>Desde Palacio montan el chantaje \u00e9tnico con la condici\u00f3n ind\u00edgena de Hugo Aguilar para legitimar la farsa con acordeones, de programas sociales y mucho m\u00e1s de un naciente Poder Judicial ESPURIO\u2026 <a href=\"https:\/\/t.co\/cxwBR4o2ZG\">pic.twitter.com\/cxwBR4o2ZG<\/a><\/p>&mdash; Literal M\u00e9xico (@literalmexico) <a href=\"https:\/\/twitter.com\/literalmexico\/status\/1934769365687111753?ref_src=twsrc%5Etfw\">June 17, 2025<\/a><\/blockquote><script async src=\"https:\/\/platform.twitter.com\/widgets.js\" charset=\"utf-8\"><\/script>\n<\/div><\/figure>\n\n\n\n<h3 class=\"wp-block-heading\"><strong>Ministros itinerantes y contradicciones<\/strong><\/h3>\n\n\n\n<p>Una de las iniciativas anunciadas por esta nueva Corte es convertir a sus integrantes en <strong>ministros itinerantes<\/strong>, con recorridos por distintas regiones del pa\u00eds. Parad\u00f3jicamente, esta estrategia de \u201ccercan\u00eda\u201d se implementa ahora sobre ruedas blindadas de lujo, lo que ha generado cuestionamientos sobre si el nuevo modelo judicial realmente rompe con los excesos del pasado o simplemente los reconfigura bajo un nuevo discurso.<\/p>\n\n\n\n<p>Por ahora, la decisi\u00f3n deja un saldo pol\u00edtico inc\u00f3modo para la Corte: <strong>predicar austeridad mientras se estrenan camionetas de m\u00e1s de tres millones de pesos<\/strong> refuerza la percepci\u00f3n de distancia entre el Poder Judicial y la realidad econ\u00f3mica de millones de mexicanos.<\/p>\n","protected":false},"excerpt":{"rendered":"<p>Los ministros estrenaron camionetas Jeep Grand Cherokee blindadas, con un costo que supera 3 millones de pesos por unidad, una decisi\u00f3n que reaviva las cr\u00edticas sobre el uso de recursos p\u00fablicos en el Poder Judicial.<\/p>\n","protected":false},"author":1,"featured_media":3049,"comment_status":"closed","ping_status":"closed","sticky":false,"template":"","format":"standard","meta":{"twitterCardType":"","cardImageID":0,"cardImage":"","cardTitle":"","cardDesc":"","cardImageAlt":"","cardPlayer":"","cardPlayerWidth":0,"cardPlayerHeight":0,"cardPlayerStream":"","cardPlayerCodec":"","footnotes":""},"categories":[9,8],"tags":[921,922,722,23,208,92,91,458],"class_list":["post-3048","post","type-post","status-publish","format-standard","has-post-thumbnail","hentry","category-nacional","category-noticias","tag-cherokee","tag-corte-del-acordeon","tag-hugo-aguilar","tag-lenia-batres","tag-loretta-ortiz","tag-scjn","tag-suprema-corte","tag-yasmin-esquivel"],"_links":{"self":[{"href":"https:\/\/literalmex.com\/index.php\/wp-json\/wp\/v2\/posts\/3048","targetHints":{"allow":["GET"]}}],"collection":[{"href":"https:\/\/literalmex.com\/index.php\/wp-json\/wp\/v2\/posts"}],"about":[{"href":"https:\/\/literalmex.com\/index.php\/wp-json\/wp\/v2\/types\/post"}],"author":[{"embeddable":true,"href":"https:\/\/literalmex.com\/index.php\/wp-json\/wp\/v2\/users\/1"}],"replies":[{"embeddable":true,"href":"https:\/\/literalmex.com\/index.php\/wp-json\/wp\/v2\/comments?post=3048"}],"version-history":[{"count":1,"href":"https:\/\/literalmex.com\/index.php\/wp-json\/wp\/v2\/posts\/3048\/revisions"}],"predecessor-version":[{"id":3050,"href":"https:\/\/literalmex.com\/index.php\/wp-json\/wp\/v2\/posts\/3048\/revisions\/3050"}],"wp:featuredmedia":[{"embeddable":true,"href":"https:\/\/literalmex.com\/index.php\/wp-json\/wp\/v2\/media\/3049"}],"wp:attachment":[{"href":"https:\/\/literalmex.com\/index.php\/wp-json\/wp\/v2\/media?parent=3048"}],"wp:term":[{"taxonomy":"category","embeddable":true,"href":"https:\/\/literalmex.com\/index.php\/wp-json\/wp\/v2\/categories?post=3048"},{"taxonomy":"post_tag","embeddable":true,"href":"https:\/\/literalmex.com\/index.php\/wp-json\/wp\/v2\/tags?post=3048"}],"curies":[{"name":"wp","href":"https:\/\/api.w.org\/{rel}","templated":true}]}}