{"id":3062,"date":"2026-01-25T20:57:55","date_gmt":"2026-01-25T20:57:55","guid":{"rendered":"https:\/\/literalmex.com\/?p=3062"},"modified":"2026-01-25T20:57:56","modified_gmt":"2026-01-25T20:57:56","slug":"reculan-ministros-de-la-corte-criticas-los-obligan-a-devolver-las-super-camionetas-cherokee","status":"publish","type":"post","link":"https:\/\/literalmex.com\/index.php\/2026\/01\/25\/reculan-ministros-de-la-corte-criticas-los-obligan-a-devolver-las-super-camionetas-cherokee\/","title":{"rendered":"Reculan ministros de la Corte, cr\u00edticas los obligan a  devolver las super camionetas Cherokee"},"content":{"rendered":"\n<p>Tras d\u00edas de intensa pol\u00e9mica en redes sociales y medios de comunicaci\u00f3n, la <strong>Suprema Corte de Justicia de la Naci\u00f3n (SCJN)<\/strong> inform\u00f3 este domingo que sus ministras y ministros decidieron <strong>no utilizar las camionetas blindadas recientemente adquiridas<\/strong>, que hab\u00edan provocado fuertes cr\u00edticas por su costo y presunta contradicci\u00f3n con compromisos de austeridad institucional.<\/p>\n\n\n\n<p>En un comunicado oficial, la Corte precis\u00f3 que adem\u00e1s del rechazo al uso de las nuevas unidades, se <strong>iniciar\u00e1 el proceso correspondiente para su devoluci\u00f3n o, en su caso, ponerlas a disposici\u00f3n de personas juzgadoras que enfrentan mayores riesgos<\/strong>, siempre conforme a la normatividad aplicable. La instituci\u00f3n afirm\u00f3: \u201cReiteramos nuestro compromiso con el uso eficiente y responsable de los recursos del pueblo, as\u00ed como el trabajo permanente para lograr una justicia real y verdadera\u201d.<\/p>\n\n\n\n<p>La decisi\u00f3n llega despu\u00e9s de que circularan im\u00e1genes y comentarios en plataformas digitales se\u00f1alando que los magistrados se hab\u00edan beneficiado con veh\u00edculos de alta gama pese a haber asumido sus cargos con un discurso de austeridad. En redes se lleg\u00f3 a calificar a los integrantes del m\u00e1ximo tribunal como la llamada \u201cCorte del acorde\u00f3n\u201d, en referencia sat\u00edrica al contraste entre ese discurso y la adquisici\u00f3n de <strong>\u201csuper camionetas\u201d cuyo costo rondar\u00eda los 3 millones de pesos cada una<\/strong> en algunas versiones circuladas en redes sociales.<\/p>\n\n\n\n<p>Seg\u00fan la autorizaci\u00f3n interna, la unidad de administraci\u00f3n de la Corte hab\u00eda aprobado la compra de <strong>nueve camionetas blindadas con un costo total de 25 millones 650 mil pesos<\/strong>, lo que implica un precio promedio de <strong>2 millones 850 mil pesos por veh\u00edculo<\/strong>, con IVA incluido.<\/p>\n\n\n\n<p>La SCJN hab\u00eda defendido la adjudicaci\u00f3n de las camionetas argumentando que respond\u00eda a <strong>criterios de seguridad institucional y actualizaci\u00f3n de la flotilla vehicular<\/strong>, puesto que los veh\u00edculos anteriores, de modelos 2019 y 2020, ya no cumpl\u00edan con los est\u00e1ndares necesarios para proteger a quienes desempe\u00f1an funciones de alta responsabilidad. En su justificaci\u00f3n, la Corte sostuvo que la adquisici\u00f3n se realiz\u00f3 en <strong>estricto apego a la normativa vigente<\/strong> y con el objetivo declarado de garantizar condiciones adecuadas de protecci\u00f3n.<\/p>\n\n\n\n<figure class=\"wp-block-embed is-type-wp-embed is-provider-literal-m-xico wp-block-embed-literal-m-xico\"><div class=\"wp-block-embed__wrapper\">\n<blockquote class=\"wp-embedded-content\" data-secret=\"i1u5JtCdve\"><a href=\"https:\/\/literalmex.com\/index.php\/2026\/01\/23\/ministros-de-la-corte-del-acordeon-se-premian-con-super-camionetas-pese-a-promesas-de-austeridad\/\">Ministros de la \u201cCorte del Acorde\u00f3n\u201d se premian con super camionetas pese a promesas de austeridad<\/a><\/blockquote><iframe class=\"wp-embedded-content\" sandbox=\"allow-scripts\" security=\"restricted\" style=\"position: absolute; visibility: hidden;\" title=\"&#8220;Ministros de la \u201cCorte del Acorde\u00f3n\u201d se premian con super camionetas pese a promesas de austeridad&#8221; &#8212; Literal M\u00e9xico\" src=\"https:\/\/literalmex.com\/index.php\/2026\/01\/23\/ministros-de-la-corte-del-acordeon-se-premian-con-super-camionetas-pese-a-promesas-de-austeridad\/embed\/#?secret=mv2zYKkVMe#?secret=i1u5JtCdve\" data-secret=\"i1u5JtCdve\" width=\"600\" height=\"338\" frameborder=\"0\" marginwidth=\"0\" marginheight=\"0\" scrolling=\"no\"><\/iframe>\n<\/div><\/figure>\n\n\n\n<p>La controversia escal\u00f3 cuando la presidenta de M\u00e9xico, <strong>Claudia Sheinbaum Pardo<\/strong>, se\u00f1al\u00f3 que la compra de las camionetas se hab\u00eda realizado tras cancelar un contrato de arrendamiento y que, seg\u00fan informaci\u00f3n institucional recibida, representar\u00eda un <strong>ahorro superior a mil millones de pesos<\/strong> para el Poder Judicial de la Federaci\u00f3n. Pese a ello, la mandataria pidi\u00f3 a la Corte transparentar los detalles de la adquisici\u00f3n, incluyendo los criterios de seguridad que la motivaron.<\/p>\n\n\n\n<p>El caso ha reabierto el debate sobre la coherencia entre los compromisos de austeridad anunciados por el Poder Judicial \u2014especialmente tras la reforma judicial de 2025 que buscaba reducir privilegios en el sistema de justicia\u2014 y las pr\u00e1cticas administrativas que involucran recursos p\u00fablicos. El pr\u00f3ximo <strong>26 de enero<\/strong>, la SCJN ha convocado a una <strong>conferencia de prensa para precisar informaci\u00f3n adicional<\/strong> sobre el proceso y aclarar los cuestionamientos p\u00fablicos.<\/p>\n","protected":false},"excerpt":{"rendered":"<p>En un comunicado oficial, la Corte precis\u00f3 que adem\u00e1s del rechazo de las camionetas que costaron 25 millones 600 mil pesos al uso de las nuevas unidades, se iniciar\u00e1 el proceso correspondiente para su devoluci\u00f3n.<\/p>\n","protected":false},"author":1,"featured_media":3063,"comment_status":"closed","ping_status":"closed","sticky":false,"template":"","format":"standard","meta":{"twitterCardType":"","cardImageID":0,"cardImage":"","cardTitle":"","cardDesc":"","cardImageAlt":"","cardPlayer":"","cardPlayerWidth":0,"cardPlayerHeight":0,"cardPlayerStream":"","cardPlayerCodec":"","footnotes":""},"categories":[9,8],"tags":[921,722,23,723,929,92,91,458],"class_list":["post-3062","post","type-post","status-publish","format-standard","has-post-thumbnail","hentry","category-nacional","category-noticias","tag-cherokee","tag-hugo-aguilar","tag-lenia-batres","tag-loretta-ortiz-2","tag-minitros","tag-scjn","tag-suprema-corte","tag-yasmin-esquivel"],"_links":{"self":[{"href":"https:\/\/literalmex.com\/index.php\/wp-json\/wp\/v2\/posts\/3062","targetHints":{"allow":["GET"]}}],"collection":[{"href":"https:\/\/literalmex.com\/index.php\/wp-json\/wp\/v2\/posts"}],"about":[{"href":"https:\/\/literalmex.com\/index.php\/wp-json\/wp\/v2\/types\/post"}],"author":[{"embeddable":true,"href":"https:\/\/literalmex.com\/index.php\/wp-json\/wp\/v2\/users\/1"}],"replies":[{"embeddable":true,"href":"https:\/\/literalmex.com\/index.php\/wp-json\/wp\/v2\/comments?post=3062"}],"version-history":[{"count":1,"href":"https:\/\/literalmex.com\/index.php\/wp-json\/wp\/v2\/posts\/3062\/revisions"}],"predecessor-version":[{"id":3064,"href":"https:\/\/literalmex.com\/index.php\/wp-json\/wp\/v2\/posts\/3062\/revisions\/3064"}],"wp:featuredmedia":[{"embeddable":true,"href":"https:\/\/literalmex.com\/index.php\/wp-json\/wp\/v2\/media\/3063"}],"wp:attachment":[{"href":"https:\/\/literalmex.com\/index.php\/wp-json\/wp\/v2\/media?parent=3062"}],"wp:term":[{"taxonomy":"category","embeddable":true,"href":"https:\/\/literalmex.com\/index.php\/wp-json\/wp\/v2\/categories?post=3062"},{"taxonomy":"post_tag","embeddable":true,"href":"https:\/\/literalmex.com\/index.php\/wp-json\/wp\/v2\/tags?post=3062"}],"curies":[{"name":"wp","href":"https:\/\/api.w.org\/{rel}","templated":true}]}}