{"id":3065,"date":"2026-01-26T05:00:00","date_gmt":"2026-01-26T05:00:00","guid":{"rendered":"https:\/\/literalmex.com\/?p=3065"},"modified":"2026-01-26T01:35:13","modified_gmt":"2026-01-26T01:35:13","slug":"y-ahora-que-va-a-decir-claudia-de-las-cherokees-de-los-ministros-del-acordeon","status":"publish","type":"post","link":"https:\/\/literalmex.com\/index.php\/2026\/01\/26\/y-ahora-que-va-a-decir-claudia-de-las-cherokees-de-los-ministros-del-acordeon\/","title":{"rendered":"\u00bfY ahora qu\u00e9 va a decir Claudia de las Cherokees de los Ministros del Acorde\u00f3n?"},"content":{"rendered":"\n<p>Los ministros de la Suprema Corte metieron a la presidenta Claudia Sheinbaum en un problema vergonzoso. Ahora tendr\u00e1 que hacer malabares dial\u00e9cticos para explicar lo inexplicable: la defensa de unas camionetas de lujo blindadas que, tras la presi\u00f3n p\u00fablica, terminaron siendo devueltas.<\/p>\n\n\n\n<p>Este domingo, la Suprema Corte de Justicia de la Naci\u00f3n (SCJN) inform\u00f3 que las nueve camionetas Grand Cherokee blindadas adquiridas para sus ministros no ser\u00e1n utilizadas y que ya se inici\u00f3 el proceso para su devoluci\u00f3n o, en su caso, para ponerlas a disposici\u00f3n de juzgadores que enfrenten mayores riesgos, siempre con apego a la normatividad aplicable.<\/p>\n\n\n\n<p>Las unidades, cuyo costo total ascendi\u00f3 a <strong>25.6 millones de pesos<\/strong>, se convirtieron en el s\u00edmbolo m\u00e1s reciente de la contradicci\u00f3n entre el discurso de austeridad y la realidad del poder. Cada veh\u00edculo, equipado con blindaje de alto nivel, super\u00f3 con amplitud los est\u00e1ndares de gasto que el propio gobierno ha exigido a otras dependencias.<\/p>\n\n\n\n<p>La decisi\u00f3n llega apenas d\u00edas despu\u00e9s de que la presidenta Claudia Sheinbaum defendiera p\u00fablicamente la adquisici\u00f3n, al se\u00f1alar que la Suprema Corte le hab\u00eda informado que la operaci\u00f3n representaba un supuesto ahorro de alrededor de mil millones de pesos frente a esquemas anteriores. El argumento pretendi\u00f3 cerrar el debate bajo la l\u00f3gica de la eficiencia administrativa, pero se desmoron\u00f3 frente al rechazo social.<\/p>\n\n\n\n<figure class=\"wp-block-embed is-type-rich is-provider-twitter wp-block-embed-twitter\"><div class=\"wp-block-embed__wrapper\">\n<blockquote class=\"twitter-tweet\" data-width=\"550\" data-dnt=\"true\"><p lang=\"es\" dir=\"ltr\">CR\u00cdTICAS OBLIGAN A MINISTROS DE LA CORTE A DEVOLVER super camionetas Cherokee blindadas<br><br>&quot;No las usaremos&quot; dicen los &quot;Ministros del Acorde\u00f3n&quot; despu\u00e9s de d\u00edas de intensa pol\u00e9mica en redes sociales y medios de comunicaci\u00f3n <br><br>Las 9 unidades costaron 25 millones 600 mil pesos. La\u2026 <a href=\"https:\/\/t.co\/fpYfmNZuXO\">pic.twitter.com\/fpYfmNZuXO<\/a><\/p>&mdash; Literal M\u00e9xico (@literalmexico) <a href=\"https:\/\/twitter.com\/literalmexico\/status\/2015532846631293181?ref_src=twsrc%5Etfw\">January 25, 2026<\/a><\/blockquote><script async src=\"https:\/\/platform.twitter.com\/widgets.js\" charset=\"utf-8\"><\/script>\n<\/div><\/figure>\n\n\n\n<p>Las cr\u00edticas fueron inmediatas y crecientes. La imagen de ministros estrenando camionetas de lujo, financiadas con recursos p\u00fablicos, choc\u00f3 de manera frontal con la narrativa de \u201causteridad republicana\u201d y con la promesa de una nueva \u201cCorte del Pueblo\u201d cercana a la ciudadan\u00eda.<\/p>\n\n\n\n<p>Ante ese escenario, los ministros no resistieron la presi\u00f3n. El comunicado emitido este domingo, aunque envuelto en un lenguaje institucional, es una rectificaci\u00f3n pol\u00edtica en toda regla. La llamada \u201cCorte del Acorde\u00f3n\u201d termin\u00f3 por invalidar el argumento presidencial que hab\u00eda servido como escudo inicial para justificar el gasto.<\/p>\n\n\n\n<p>El episodio no s\u00f3lo exhibe un error administrativo, sino una cadena de responsabilidades pol\u00edticas. La defensa presidencial qued\u00f3 desfasada en cuesti\u00f3n de horas, y ahora la atenci\u00f3n se centra en la conferencia matutina de este lunes en Palacio Nacional, donde se espera que Claudia Sheinbaum fije una nueva postura sobre el esc\u00e1ndalo de las Cherokees.<\/p>\n\n\n\n<p>La pregunta de fondo permanece: \u00bfqui\u00e9n inform\u00f3 a qui\u00e9n y con qu\u00e9 rigor? Si la Presidencia fue inducida a defender una decisi\u00f3n insostenible, el da\u00f1o es pol\u00edtico y simb\u00f3lico. Si la defensa fue voluntaria, el costo es todav\u00eda mayor.<\/p>\n\n\n\n<p>La devoluci\u00f3n de las camionetas no cierra el caso; lo amplifica. Se trata del primer gran tropiezo discursivo en la relaci\u00f3n entre el Ejecutivo y el Poder Judicial en esta nueva etapa. En un pa\u00eds marcado por la desigualdad y el hartazgo social, el margen para justificar privilegios se agot\u00f3. Y esta vez, ni el acorde\u00f3n alcanz\u00f3 para tapar el ruido.<\/p>\n","protected":false},"excerpt":{"rendered":"<p>Tras defender la compra de nueve camionetas blindadas por 25.6 millones de pesos bajo el argumento de un supuesto ahorro, la presidenta Claudia Sheinbaum qued\u00f3 pol\u00edticamente expuesta luego de que la Suprema Corte anunciara su devoluci\u00f3n ante la presi\u00f3n de la opini\u00f3n p\u00fablica.<\/p>\n","protected":false},"author":1,"featured_media":3066,"comment_status":"closed","ping_status":"closed","sticky":false,"template":"","format":"standard","meta":{"twitterCardType":"","cardImageID":0,"cardImage":"","cardTitle":"","cardDesc":"","cardImageAlt":"","cardPlayer":"","cardPlayerWidth":0,"cardPlayerHeight":0,"cardPlayerStream":"","cardPlayerCodec":"","footnotes":""},"categories":[9,8],"tags":[921,129,722,23,208,930,931,91,458],"class_list":["post-3065","post","type-post","status-publish","format-standard","has-post-thumbnail","hentry","category-nacional","category-noticias","tag-cherokee","tag-claudia-sheinbaum","tag-hugo-aguilar","tag-lenia-batres","tag-loretta-ortiz","tag-ministros-del-acordeon","tag-super-camionetas","tag-suprema-corte","tag-yasmin-esquivel"],"_links":{"self":[{"href":"https:\/\/literalmex.com\/index.php\/wp-json\/wp\/v2\/posts\/3065","targetHints":{"allow":["GET"]}}],"collection":[{"href":"https:\/\/literalmex.com\/index.php\/wp-json\/wp\/v2\/posts"}],"about":[{"href":"https:\/\/literalmex.com\/index.php\/wp-json\/wp\/v2\/types\/post"}],"author":[{"embeddable":true,"href":"https:\/\/literalmex.com\/index.php\/wp-json\/wp\/v2\/users\/1"}],"replies":[{"embeddable":true,"href":"https:\/\/literalmex.com\/index.php\/wp-json\/wp\/v2\/comments?post=3065"}],"version-history":[{"count":1,"href":"https:\/\/literalmex.com\/index.php\/wp-json\/wp\/v2\/posts\/3065\/revisions"}],"predecessor-version":[{"id":3067,"href":"https:\/\/literalmex.com\/index.php\/wp-json\/wp\/v2\/posts\/3065\/revisions\/3067"}],"wp:featuredmedia":[{"embeddable":true,"href":"https:\/\/literalmex.com\/index.php\/wp-json\/wp\/v2\/media\/3066"}],"wp:attachment":[{"href":"https:\/\/literalmex.com\/index.php\/wp-json\/wp\/v2\/media?parent=3065"}],"wp:term":[{"taxonomy":"category","embeddable":true,"href":"https:\/\/literalmex.com\/index.php\/wp-json\/wp\/v2\/categories?post=3065"},{"taxonomy":"post_tag","embeddable":true,"href":"https:\/\/literalmex.com\/index.php\/wp-json\/wp\/v2\/tags?post=3065"}],"curies":[{"name":"wp","href":"https:\/\/api.w.org\/{rel}","templated":true}]}}