{"id":3171,"date":"2026-02-17T14:41:42","date_gmt":"2026-02-17T14:41:42","guid":{"rendered":"https:\/\/literalmex.com\/?p=3171"},"modified":"2026-02-17T14:41:42","modified_gmt":"2026-02-17T14:41:42","slug":"canada-condiciona-inversiones-en-mexico-al-avance-en-seguridad","status":"publish","type":"post","link":"https:\/\/literalmex.com\/index.php\/2026\/02\/17\/canada-condiciona-inversiones-en-mexico-al-avance-en-seguridad\/","title":{"rendered":"Canad\u00e1 condiciona inversiones en M\u00e9xico al avance en seguridad"},"content":{"rendered":"\n<figure class=\"wp-block-image size-full\"><a href=\"https:\/\/comunicacionsocial.diputados.gob.mx\/\"><img fetchpriority=\"high\" decoding=\"async\" width=\"2560\" height=\"316\" src=\"https:\/\/literalmex.com\/wp-content\/uploads\/2026\/01\/019_ENE_2026_DESPLEGADO_728X90_02-scaled.png\" alt=\"\" class=\"wp-image-3091\"\/><\/a><\/figure>\n\n\n\n<p>El Gobierno de Canad\u00e1 dej\u00f3 claro que su inter\u00e9s por ampliar la cooperaci\u00f3n econ\u00f3mica con M\u00e9xico pasa por un punto cr\u00edtico: la seguridad. Durante una misi\u00f3n comercial de empresarios canadienses en territorio mexicano, el ministro de Comercio y Asuntos Intergubernamentales y presidente del Consejo Privado del Rey para Canad\u00e1, Dominic LeBlanc, subray\u00f3 que la inversi\u00f3n requiere un entorno de certeza jur\u00eddica y operativa.<\/p>\n\n\n\n<p>\u201cEl crecimiento de la inversi\u00f3n depende de que los empresarios perciban que el Gobierno est\u00e1 trabajando en prioridades como la seguridad\u201d, sostuvo el funcionario canadiense, al se\u00f1alar que los sectores estrat\u00e9gicos para profundizar la relaci\u00f3n bilateral ya est\u00e1n identificados, pero demandan condiciones estables.<\/p>\n\n\n\n<p>LeBlanc destac\u00f3 que ambos pa\u00edses mantienen mecanismos de cooperaci\u00f3n activa en materia de inteligencia y combate al crimen. Record\u00f3 que existe un acuerdo de colaboraci\u00f3n entre mandos militares y corporaciones policiales de Canad\u00e1 y M\u00e9xico para fortalecer el intercambio de informaci\u00f3n y las operaciones conjuntas.<\/p>\n\n\n\n<figure class=\"wp-block-embed is-type-rich is-provider-twitter wp-block-embed-twitter\"><div class=\"wp-block-embed__wrapper\">\n<blockquote class=\"twitter-tweet\" data-width=\"550\" data-dnt=\"true\"><p lang=\"es\" dir=\"ltr\">&quot;ESTAMOS DEVASTADOS&quot;: Empresa canadiense confirma muerte de 10 mineros secuestrados en Sinaloa<br><br>La minera Vizsla Silver confirm\u00f3 que los trabajadores secuestrados en la sierra de Concordia fueron hallados sin vida, mientras autoridades mexicanas a\u00fan realizan las diligencias para\u2026 <a href=\"https:\/\/t.co\/2f5w0x9SR4\">pic.twitter.com\/2f5w0x9SR4<\/a><\/p>&mdash; Literal M\u00e9xico (@literalmexico) <a href=\"https:\/\/twitter.com\/literalmexico\/status\/2020913725205565942?ref_src=twsrc%5Etfw\">February 9, 2026<\/a><\/blockquote><script async src=\"https:\/\/platform.twitter.com\/widgets.js\" charset=\"utf-8\"><\/script>\n<\/div><\/figure>\n\n\n\n<p>Como ejemplo, mencion\u00f3 que la Real Polic\u00eda Montada de Canad\u00e1 y la Polic\u00eda Federal canadiense prev\u00e9n duplicar este a\u00f1o el n\u00famero de oficiales asignados en la Embajada en M\u00e9xico, con el objetivo de consolidar v\u00ednculos operativos con autoridades mexicanas.<\/p>\n\n\n\n<h3 class=\"wp-block-heading\">M\u00e9xico integra la demanda al plan bilateral<\/h3>\n\n\n\n<p>Por su parte, el secretario de Econom\u00eda, Marcelo Ebrard Casaub\u00f3n, asegur\u00f3 que la preocupaci\u00f3n canadiense ser\u00e1 incorporada al Plan de Acci\u00f3n M\u00e9xico-Canad\u00e1, cuya presentaci\u00f3n est\u00e1 prevista para el segundo semestre del a\u00f1o.<\/p>\n\n\n\n<p>El funcionario explic\u00f3 que la agenda bilateral incluir\u00e1 temas como minerales estrat\u00e9gicos, inversiones en infraestructura portuaria, fortalecimiento de cadenas de suministro y programas para ampliar oportunidades a j\u00f3venes en ambos pa\u00edses.<\/p>\n\n\n\n<p>Ebrard record\u00f3 que el impulso a esta agenda deriva del reciente encuentro entre la presidenta Claudia Sheinbaum y el primer ministro canadiense, Mark Carney, en el que ambos reconocieron que la relaci\u00f3n comercial entre M\u00e9xico y Canad\u00e1 se ha multiplicado doce veces en las \u00faltimas tres d\u00e9cadas.<\/p>\n\n\n\n<p>Adem\u00e1s, adelant\u00f3 que M\u00e9xico prepara una misi\u00f3n empresarial hacia Canad\u00e1, cuya fecha depender\u00e1 de la disponibilidad en la agenda del primer ministro canadiense.<\/p>\n\n\n\n<h3 class=\"wp-block-heading\">Caso Vizsla Silver no impacta la relaci\u00f3n, afirma Econom\u00eda<\/h3>\n\n\n\n<p>Cuestionado sobre el secuestro y asesinato de trabajadores vinculados a la minera canadiense Vizsla Silver en Sinaloa, Ebrard se\u00f1al\u00f3 que el tema no form\u00f3 parte de las conversaciones oficiales y descart\u00f3 que el episodio afecte la relaci\u00f3n bilateral.<\/p>\n\n\n\n<p>\u201cNo tiene por qu\u00e9\u201d, respondi\u00f3, al asegurar que las autoridades mexicanas act\u00faan conforme a la ley.<\/p>\n\n\n\n<p>La postura canadiense introduce un elemento adicional en la agenda econ\u00f3mica de M\u00e9xico: m\u00e1s all\u00e1 de tratados y oportunidades sectoriales, la seguridad p\u00fablica emerge como un factor determinante para sostener el flujo de capital y la confianza empresarial en el mediano plazo.<\/p>\n","protected":false},"excerpt":{"rendered":"<p>El Ministro de Comercio Dominic LeBlanc advirti\u00f3 que para mantener y ampliar sus inversiones en M\u00e9xico se requieren garant\u00edas en materia de seguridad y certidumbre jur\u00eddica, mientras ambos pa\u00edses avanzan en un nuevo plan bilateral que incluir\u00e1 minerales estrat\u00e9gicos, infraestructura y cadenas de suministro.<\/p>\n","protected":false},"author":1,"featured_media":3172,"comment_status":"closed","ping_status":"closed","sticky":false,"template":"","format":"standard","meta":{"twitterCardType":"","cardImageID":0,"cardImage":"","cardTitle":"","cardDesc":"","cardImageAlt":"","cardPlayer":"","cardPlayerWidth":0,"cardPlayerHeight":0,"cardPlayerStream":"","cardPlayerCodec":"","footnotes":""},"categories":[9,8],"tags":[925,973,456,436,947,972],"class_list":["post-3171","post","type-post","status-publish","format-standard","has-post-thumbnail","hentry","category-nacional","category-noticias","tag-canada","tag-dominic-leblanc","tag-juan-ramon-de-la-fuente","tag-marcelo-ebrard","tag-mineros","tag-vizla-silver"],"_links":{"self":[{"href":"https:\/\/literalmex.com\/index.php\/wp-json\/wp\/v2\/posts\/3171","targetHints":{"allow":["GET"]}}],"collection":[{"href":"https:\/\/literalmex.com\/index.php\/wp-json\/wp\/v2\/posts"}],"about":[{"href":"https:\/\/literalmex.com\/index.php\/wp-json\/wp\/v2\/types\/post"}],"author":[{"embeddable":true,"href":"https:\/\/literalmex.com\/index.php\/wp-json\/wp\/v2\/users\/1"}],"replies":[{"embeddable":true,"href":"https:\/\/literalmex.com\/index.php\/wp-json\/wp\/v2\/comments?post=3171"}],"version-history":[{"count":1,"href":"https:\/\/literalmex.com\/index.php\/wp-json\/wp\/v2\/posts\/3171\/revisions"}],"predecessor-version":[{"id":3173,"href":"https:\/\/literalmex.com\/index.php\/wp-json\/wp\/v2\/posts\/3171\/revisions\/3173"}],"wp:featuredmedia":[{"embeddable":true,"href":"https:\/\/literalmex.com\/index.php\/wp-json\/wp\/v2\/media\/3172"}],"wp:attachment":[{"href":"https:\/\/literalmex.com\/index.php\/wp-json\/wp\/v2\/media?parent=3171"}],"wp:term":[{"taxonomy":"category","embeddable":true,"href":"https:\/\/literalmex.com\/index.php\/wp-json\/wp\/v2\/categories?post=3171"},{"taxonomy":"post_tag","embeddable":true,"href":"https:\/\/literalmex.com\/index.php\/wp-json\/wp\/v2\/tags?post=3171"}],"curies":[{"name":"wp","href":"https:\/\/api.w.org\/{rel}","templated":true}]}}