{"id":3174,"date":"2026-02-18T13:26:26","date_gmt":"2026-02-18T13:26:26","guid":{"rendered":"https:\/\/literalmex.com\/?p=3174"},"modified":"2026-02-18T13:27:27","modified_gmt":"2026-02-18T13:27:27","slug":"el-morenista-sergio-mayer-bota-la-reforma-electoral-y-se-va-a-la-casa-de-los-famosos","status":"publish","type":"post","link":"https:\/\/literalmex.com\/index.php\/2026\/02\/18\/el-morenista-sergio-mayer-bota-la-reforma-electoral-y-se-va-a-la-casa-de-los-famosos\/","title":{"rendered":"El morenista Sergio Mayer bota la Reforma Electoral y se va a la &#8220;Casa de los Famosos&#8221;"},"content":{"rendered":"\n<figure class=\"wp-block-image size-full\"><a href=\"https:\/\/comunicacionsocial.diputados.gob.mx\/\"><img fetchpriority=\"high\" decoding=\"async\" width=\"2560\" height=\"316\" src=\"https:\/\/literalmex.com\/wp-content\/uploads\/2026\/01\/019_ENE_2026_DESPLEGADO_728X90_02-scaled.png\" alt=\"\" class=\"wp-image-3091\"\/><\/a><\/figure>\n\n\n\n<p>En medio de la discusi\u00f3n legislativa sobre la reforma electoral, el diputado federal de Morena, <strong>Sergio Mayer<\/strong>, solicit\u00f3 licencia a su cargo para incorporarse como participante a la sexta edici\u00f3n de <strong>La Casa de los Famosos<\/strong>, transmitido por la cadena <strong>Telemundo<\/strong>.<\/p>\n\n\n\n<p>El Pleno de la C\u00e1mara de Diputados aprob\u00f3 este martes la licencia a partir del 17 de febrero y por tiempo indefinido, con lo que Mayer deja temporalmente su curul en un momento pol\u00edticamente sensible, marcado por el debate de cambios al sistema electoral impulsados por la mayor\u00eda oficialista.<\/p>\n\n\n\n<h3 class=\"wp-block-heading\">El relevo y la pol\u00e9mica interna<\/h3>\n\n\n\n<p>En su lugar asumir\u00e1 el suplente morenista Luis Morales Flores, quien en 2024 cuestion\u00f3 p\u00fablicamente la postulaci\u00f3n del exintegrante de Garibaldi al se\u00f1alar que las candidaturas desplazaban a militantes \u201cde base\u201d. Morales fue seleccionado por t\u00f3mbola, mecanismo utilizado por Morena en algunos procesos internos.<\/p>\n\n\n\n<p>La salida de Mayer ocurre mientras el oficialismo enfrenta tensiones internas por la definici\u00f3n de la reforma electoral y por el desgaste pol\u00edtico acumulado tras diversos frentes de controversia nacional. Su decisi\u00f3n de integrarse a un programa de entretenimiento ha generado cr\u00edticas en sectores que consideran que el debate legislativo requiere presencia y operaci\u00f3n pol\u00edtica permanente.<\/p>\n\n\n\n<h3 class=\"wp-block-heading\">De Garibaldi a San L\u00e1zaro<\/h3>\n\n\n\n<p>El ahora legislador con licencia inici\u00f3 su carrera p\u00fablica en el \u00e1mbito art\u00edstico. En la d\u00e9cada de los noventa form\u00f3 parte del grupo musical <strong>Garibaldi<\/strong>, adem\u00e1s de desempe\u00f1arse como actor y conductor de televisi\u00f3n.<\/p>\n\n\n\n<p>En 2017 se integr\u00f3 a Morena como coordinador territorial en la alcald\u00eda Magdalena Contreras. Un a\u00f1o despu\u00e9s obtuvo una diputaci\u00f3n federal por el distrito 6 de la Ciudad de M\u00e9xico, que comprende zonas de \u00c1lvaro Obreg\u00f3n y Magdalena Contreras, para el periodo 2018-2021.<\/p>\n\n\n\n<p>Durante esa primera legislatura presidi\u00f3 la Comisi\u00f3n de Cultura y Cinematograf\u00eda. Su gesti\u00f3n estuvo marcada por confrontaciones con actores y productores del sector cultural, particularmente por la discusi\u00f3n de est\u00edmulos fiscales y la pol\u00edtica de apoyo al cine nacional.<\/p>\n\n\n\n<p>En 2024 regres\u00f3 a la C\u00e1mara de Diputados como legislador por Iztapalapa, en un contexto donde Morena reforz\u00f3 la presencia de perfiles medi\u00e1ticos en sus listas.<\/p>\n\n\n\n<h3 class=\"wp-block-heading\">Reality show y narrativa pol\u00edtica<\/h3>\n\n\n\n<p>Tras aprobarse su licencia, Mayer fue presentado como \u201chabitante sorpresa\u201d en la gala de estreno del reality. En redes sociales promovi\u00f3 su participaci\u00f3n con el mensaje: \u201c\u00bfSe esperaban mi entrada a #LCDLF6? Acomp\u00e1\u00f1enme en esta aventura\u201d.<\/p>\n\n\n\n<p>La decisi\u00f3n reabre el debate sobre el papel de figuras del espect\u00e1culo en cargos de representaci\u00f3n popular y sobre el equilibrio entre responsabilidades legislativas y proyectos personales.<\/p>\n\n\n\n<p>Mientras tanto, la reforma electoral contin\u00faa su curso en San L\u00e1zaro sin la presencia de uno de los perfiles m\u00e1s medi\u00e1ticos de la bancada oficialista, en un momento en que la narrativa pol\u00edtica y el espect\u00e1culo vuelven a cruzarse en la escena p\u00fablica mexicana.<\/p>\n","protected":false},"excerpt":{"rendered":"<p>En plena discusi\u00f3n de la Reforma Electoral impulsada por Claudia Sheinbaum el legislador de Morena pidi\u00f3 licencia indefinida a su curul para regresar a la farandula, reavivando cr\u00edticas sobre la responsabilidad legislativa y el peso medi\u00e1tico en la pol\u00edtica<\/p>\n","protected":false},"author":1,"featured_media":3176,"comment_status":"closed","ping_status":"closed","sticky":false,"template":"","format":"standard","meta":{"twitterCardType":"","cardImageID":0,"cardImage":"","cardTitle":"","cardDesc":"","cardImageAlt":"","cardPlayer":"","cardPlayerWidth":0,"cardPlayerHeight":0,"cardPlayerStream":"","cardPlayerCodec":"","footnotes":""},"categories":[9],"tags":[],"class_list":["post-3174","post","type-post","status-publish","format-standard","has-post-thumbnail","hentry","category-nacional"],"_links":{"self":[{"href":"https:\/\/literalmex.com\/index.php\/wp-json\/wp\/v2\/posts\/3174","targetHints":{"allow":["GET"]}}],"collection":[{"href":"https:\/\/literalmex.com\/index.php\/wp-json\/wp\/v2\/posts"}],"about":[{"href":"https:\/\/literalmex.com\/index.php\/wp-json\/wp\/v2\/types\/post"}],"author":[{"embeddable":true,"href":"https:\/\/literalmex.com\/index.php\/wp-json\/wp\/v2\/users\/1"}],"replies":[{"embeddable":true,"href":"https:\/\/literalmex.com\/index.php\/wp-json\/wp\/v2\/comments?post=3174"}],"version-history":[{"count":1,"href":"https:\/\/literalmex.com\/index.php\/wp-json\/wp\/v2\/posts\/3174\/revisions"}],"predecessor-version":[{"id":3175,"href":"https:\/\/literalmex.com\/index.php\/wp-json\/wp\/v2\/posts\/3174\/revisions\/3175"}],"wp:featuredmedia":[{"embeddable":true,"href":"https:\/\/literalmex.com\/index.php\/wp-json\/wp\/v2\/media\/3176"}],"wp:attachment":[{"href":"https:\/\/literalmex.com\/index.php\/wp-json\/wp\/v2\/media?parent=3174"}],"wp:term":[{"taxonomy":"category","embeddable":true,"href":"https:\/\/literalmex.com\/index.php\/wp-json\/wp\/v2\/categories?post=3174"},{"taxonomy":"post_tag","embeddable":true,"href":"https:\/\/literalmex.com\/index.php\/wp-json\/wp\/v2\/tags?post=3174"}],"curies":[{"name":"wp","href":"https:\/\/api.w.org\/{rel}","templated":true}]}}