{"id":3236,"date":"2026-03-04T13:40:23","date_gmt":"2026-03-04T13:40:23","guid":{"rendered":"https:\/\/literalmex.com\/?p=3236"},"modified":"2026-03-04T13:51:23","modified_gmt":"2026-03-04T13:51:23","slug":"entre-bombardeos-de-eeuu-iran-elige-lider-supremo-a-mojtaba-jamenei-hijo-del-ayatola","status":"publish","type":"post","link":"https:\/\/literalmex.com\/index.php\/2026\/03\/04\/entre-bombardeos-de-eeuu-iran-elige-lider-supremo-a-mojtaba-jamenei-hijo-del-ayatola\/","title":{"rendered":"Entre bombardeos de EEUU Ir\u00e1n elige L\u00edder Supremo a Mojtaba Jamenei, hijo del Ayatola"},"content":{"rendered":"\n<p>En medio de una de las mayores ofensivas militares contra Ir\u00e1n en d\u00e9cadas, el r\u00e9gimen de Teher\u00e1n nombr\u00f3 a <strong>Mojtaba Jamenei<\/strong>, hijo del fallecido ayatola <strong>Al\u00ed Jamenei<\/strong>, como nuevo l\u00edder supremo de la Rep\u00fablica Isl\u00e1mica.<\/p>\n\n\n\n<p>La decisi\u00f3n fue tomada por la <strong>Asamblea de Expertos<\/strong>, el \u00f3rgano religioso encargado de designar al m\u00e1ximo l\u00edder pol\u00edtico y espiritual del pa\u00eds, en un contexto de guerra abierta tras los ataques lanzados por <strong>Estados Unidos e Israel<\/strong> contra instalaciones militares iran\u00edes.<\/p>\n\n\n\n<p>La designaci\u00f3n ocurre mientras el aparato militar iran\u00ed enfrenta una presi\u00f3n sin precedentes. En apenas <strong>100 horas de operaciones<\/strong>, fuerzas estadounidenses aseguraron haber golpeado <strong>alrededor de 2 mil objetivos<\/strong> en territorio iran\u00ed, entre ellos sistemas de defensa a\u00e9rea, centros de mando y dep\u00f3sitos donde el r\u00e9gimen almacenaba misiles y drones.<\/p>\n\n\n\n<p>El <strong>almirante Brad Cooper<\/strong>, jefe del Comando Central de Estados Unidos (CENTCOM), afirm\u00f3 que la campa\u00f1a militar ha reducido significativamente la capacidad ofensiva de Ir\u00e1n.<\/p>\n\n\n\n<p>\u201cEstamos viendo c\u00f3mo la capacidad de Ir\u00e1n para atacarnos a nosotros y a nuestros socios est\u00e1 disminuyendo, mientras nuestra potencia de combate contin\u00faa aumentando\u201d, se\u00f1al\u00f3 el mando militar estadounidense.<\/p>\n\n\n\n<p>Cooper detall\u00f3 que las fuerzas navales de Estados Unidos han lanzado m\u00faltiples oleadas de <strong>misiles crucero<\/strong> contra infraestructura estrat\u00e9gica iran\u00ed, destruyendo sistemas de mando, control y defensa a\u00e9rea.<\/p>\n\n\n\n<p>La ofensiva forma parte de la operaci\u00f3n militar denominada <strong>\u201cFuria \u00c9pica\u201d<\/strong>, en la que participan <strong>50 mil soldados estadounidenses<\/strong>, alrededor de <strong>200 aviones de combate<\/strong>, <strong>dos grupos de ataque de portaaviones<\/strong> y bombarderos estrat\u00e9gicos.<\/p>\n\n\n\n<p>Seg\u00fan el comandante estadounidense, las fuerzas navales tambi\u00e9n han logrado expulsar a la flota iran\u00ed de zonas estrat\u00e9gicas del Golfo.<\/p>\n\n\n\n<p>\u201cHasta anoche no se encontraba ning\u00fan barco iran\u00ed en el Golfo Ar\u00e1bigo, el Estrecho de Ormuz ni el Golfo de L\u00edbano. Desde el mar estamos presionando a Ir\u00e1n y oblig\u00e1ndolo a retroceder hacia sus propios puertos\u201d, explic\u00f3.<\/p>\n\n\n\n<p>Entre los sistemas utilizados destacan <strong>drones de ataque unidireccionales<\/strong>, inspirados en tecnolog\u00eda desarrollada originalmente por Ir\u00e1n, pero posteriormente modificados por las fuerzas armadas estadounidenses.<\/p>\n\n\n\n<p>\u201cTomamos esa tecnolog\u00eda, la perfeccionamos y ahora la estamos utilizando contra ellos\u201d, a\u00f1adi\u00f3 Cooper.<\/p>\n\n\n\n<p>El conflicto ha dejado <strong>m\u00e1s de 870 muertos en Medio Oriente<\/strong> desde el inicio de los ataques el s\u00e1bado pasado. La mayor\u00eda de las v\u00edctimas se registran en Ir\u00e1n, aunque tambi\u00e9n se han reportado fallecidos en <strong>Bahr\u00e9in, Kuwait, Emiratos \u00c1rabes Unidos, L\u00edbano e Israel<\/strong>.<\/p>\n\n\n\n<figure class=\"wp-block-embed is-type-rich is-provider-twitter wp-block-embed-twitter\"><div class=\"wp-block-embed__wrapper\">\n<blockquote class=\"twitter-tweet\" data-width=\"550\" data-dnt=\"true\"><p lang=\"es\" dir=\"ltr\">TRUMP REVIENTA CONTRA ESPA\u00d1A y ordena romper todo comercio tras negativa a uso de bases contra Ir\u00e1n<br><br>La tensi\u00f3n entre Washington y Madrid escal\u00f3 despu\u00e9s de que el presidente estadounidense anunciara el corte total del comercio con Espa\u00f1a<br><br>El presidente de EEUU toma represalias\u2026 <a href=\"https:\/\/t.co\/sjg25cf2Op\">pic.twitter.com\/sjg25cf2Op<\/a><\/p>&mdash; Literal M\u00e9xico (@literalmexico) <a href=\"https:\/\/twitter.com\/literalmexico\/status\/2028996302336372973?ref_src=twsrc%5Etfw\">March 4, 2026<\/a><\/blockquote><script async src=\"https:\/\/platform.twitter.com\/widgets.js\" charset=\"utf-8\"><\/script>\n<\/div><\/figure>\n\n\n\n<p>Entre los muertos se encuentran <strong>seis soldados estadounidenses<\/strong>, cuatro de los cuales fallecieron tras un ataque con drones contra una instalaci\u00f3n militar en Kuwait.<\/p>\n\n\n\n<p>La <strong>Media Luna Roja iran\u00ed<\/strong> inform\u00f3 que, solo dentro del territorio iran\u00ed, al menos <strong>787 personas han muerto en m\u00e1s de 150 condados<\/strong> desde el inicio de las hostilidades.<\/p>\n\n\n\n<p>En ese escenario de guerra, la elecci\u00f3n de Mojtaba Jamenei marca un momento in\u00e9dito para el sistema pol\u00edtico iran\u00ed. Aunque el modelo institucional de la Rep\u00fablica Isl\u00e1mica no contempla formalmente una sucesi\u00f3n hereditaria, el nuevo l\u00edder ha sido durante a\u00f1os una figura influyente dentro del aparato religioso y de seguridad del r\u00e9gimen.<\/p>\n\n\n\n<p>Su cercan\u00eda con sectores conservadores, as\u00ed como su relaci\u00f3n con la Guardia Revolucionaria, lo hab\u00edan colocado desde hace tiempo entre los posibles sucesores del ayatola Jamenei.<\/p>\n\n\n\n<p>Sin embargo, su ascenso al poder en medio de una guerra abierta y bajo una presi\u00f3n militar externa sin precedentes plantea interrogantes sobre la estabilidad interna del r\u00e9gimen y el rumbo que tomar\u00e1 Ir\u00e1n en los pr\u00f3ximos d\u00edas.<\/p>\n\n\n\n<p><\/p>\n","protected":false},"excerpt":{"rendered":"<p>La Asamblea de Expertos designa al hijo del ayatola Al\u00ed Jamenei mientras la ofensiva militar estadounidense e israel\u00ed golpea miles de objetivos en territorio iran\u00ed y debilita la capacidad militar del r\u00e9gimen.<\/p>\n","protected":false},"author":1,"featured_media":3239,"comment_status":"closed","ping_status":"closed","sticky":false,"template":"","format":"standard","meta":{"twitterCardType":"","cardImageID":0,"cardImage":"","cardTitle":"","cardDesc":"","cardImageAlt":"","cardPlayer":"","cardPlayerWidth":0,"cardPlayerHeight":0,"cardPlayerStream":"","cardPlayerCodec":"","footnotes":""},"categories":[11,8],"tags":[487,484,983,415,991],"class_list":["post-3236","post","type-post","status-publish","format-standard","has-post-thumbnail","hentry","category-internacional","category-noticias","tag-donald-trump","tag-estados-unidos","tag-iran","tag-israel","tag-mojtaba-jamenei"],"_links":{"self":[{"href":"https:\/\/literalmex.com\/index.php\/wp-json\/wp\/v2\/posts\/3236","targetHints":{"allow":["GET"]}}],"collection":[{"href":"https:\/\/literalmex.com\/index.php\/wp-json\/wp\/v2\/posts"}],"about":[{"href":"https:\/\/literalmex.com\/index.php\/wp-json\/wp\/v2\/types\/post"}],"author":[{"embeddable":true,"href":"https:\/\/literalmex.com\/index.php\/wp-json\/wp\/v2\/users\/1"}],"replies":[{"embeddable":true,"href":"https:\/\/literalmex.com\/index.php\/wp-json\/wp\/v2\/comments?post=3236"}],"version-history":[{"count":1,"href":"https:\/\/literalmex.com\/index.php\/wp-json\/wp\/v2\/posts\/3236\/revisions"}],"predecessor-version":[{"id":3238,"href":"https:\/\/literalmex.com\/index.php\/wp-json\/wp\/v2\/posts\/3236\/revisions\/3238"}],"wp:featuredmedia":[{"embeddable":true,"href":"https:\/\/literalmex.com\/index.php\/wp-json\/wp\/v2\/media\/3239"}],"wp:attachment":[{"href":"https:\/\/literalmex.com\/index.php\/wp-json\/wp\/v2\/media?parent=3236"}],"wp:term":[{"taxonomy":"category","embeddable":true,"href":"https:\/\/literalmex.com\/index.php\/wp-json\/wp\/v2\/categories?post=3236"},{"taxonomy":"post_tag","embeddable":true,"href":"https:\/\/literalmex.com\/index.php\/wp-json\/wp\/v2\/tags?post=3236"}],"curies":[{"name":"wp","href":"https:\/\/api.w.org\/{rel}","templated":true}]}}