{"id":3258,"date":"2026-03-11T13:08:34","date_gmt":"2026-03-11T13:08:34","guid":{"rendered":"https:\/\/literalmex.com\/?p=3258"},"modified":"2026-03-11T13:08:35","modified_gmt":"2026-03-11T13:08:35","slug":"nombran-auditor-asf-a-un-amigo-aureliano-hernandez-es-hijo-del-ex-particular-de-claudia","status":"publish","type":"post","link":"https:\/\/literalmex.com\/index.php\/2026\/03\/11\/nombran-auditor-asf-a-un-amigo-aureliano-hernandez-es-hijo-del-ex-particular-de-claudia\/","title":{"rendered":"Nombran Auditor (ASF) a un amigo: Aureliano Hern\u00e1ndez \u00a1es hijo del ex particular de Claudia!"},"content":{"rendered":"\n<p>La C\u00e1mara de Diputados design\u00f3 a <strong>Aureliano Hern\u00e1ndez Palacios Cardel<\/strong> como nuevo titular de la Auditor\u00eda Superior de la Federaci\u00f3n (ASF), \u00f3rgano encargado de fiscalizar el uso de los recursos p\u00fablicos federales. El nombramiento fue aprobado con <strong>472 votos en el Pleno<\/strong> y tendr\u00e1 una duraci\u00f3n de <strong>ocho a\u00f1os<\/strong>, periodo durante el cual deber\u00e1 supervisar el ejercicio del gasto federal y la rendici\u00f3n de cuentas de las dependencias del gobierno.<\/p>\n\n\n\n<p>Hern\u00e1ndez Palacios sustituir\u00e1 en el cargo a David Colmenares P\u00e1ramo, quien buscaba mantenerse al frente del organismo, pero <strong>ni siquiera fue incluido en la terna final de aspirantes<\/strong> mejor evaluados por los legisladores.<\/p>\n\n\n\n<p>El proceso de designaci\u00f3n se resolvi\u00f3 <strong>sin debate en el Pleno<\/strong>, un hecho que contrast\u00f3 con la relevancia institucional del puesto, considerado uno de los principales mecanismos de control del gasto p\u00fablico en M\u00e9xico.<\/p>\n\n\n\n<h3 class=\"wp-block-heading\">Cercan\u00eda pol\u00edtica y cuestionamientos<\/h3>\n\n\n\n<p>La llegada del nuevo Auditor se produce en medio de cuestionamientos sobre su <strong>v\u00ednculo pol\u00edtico y familiar con el c\u00edrculo cercano de la actual Presidenta de M\u00e9xico<\/strong>.<\/p>\n\n\n\n<p>Hern\u00e1ndez Palacios es hijo de <strong>Fernando Aureliano Hern\u00e1ndez Palacios Mir\u00f3n<\/strong>, quien se desempe\u00f1\u00f3 como <strong>secretario particular de Claudia Sheinbaum<\/strong> durante su etapa como Jefa de Gobierno de la Ciudad de M\u00e9xico.<\/p>\n\n\n\n<p>Esta relaci\u00f3n ha sido se\u00f1alada por cr\u00edticos como un elemento que podr\u00eda poner en entredicho la independencia del \u00f3rgano fiscalizador frente al Poder Ejecutivo.<\/p>\n\n\n\n<p>Consultado sobre ese punto, el nuevo titular de la ASF rechaz\u00f3 cualquier subordinaci\u00f3n pol\u00edtica.<\/p>\n\n\n\n<blockquote class=\"wp-block-quote is-layout-flow wp-block-quote-is-layout-flow\">\n<p>\u201cNo vengo a cumplir con nadie; mi trabajo ser\u00e1 \u00fanicamente con la honestidad y con la soberan\u00eda que tuvo a bien elegirme\u201d, afirm\u00f3 tras su designaci\u00f3n.<\/p>\n<\/blockquote>\n\n\n\n<p>Ante la pregunta directa sobre si garantizar\u00eda autonom\u00eda frente al Ejecutivo federal, respondi\u00f3:<\/p>\n\n\n\n<blockquote class=\"wp-block-quote is-layout-flow wp-block-quote-is-layout-flow\">\n<p>\u201cTotalmente\u201d.<\/p>\n<\/blockquote>\n\n\n\n<h3 class=\"wp-block-heading\">Un cargo clave para el control del gasto<\/h3>\n\n\n\n<p>La Auditor\u00eda Superior de la Federaci\u00f3n es el <strong>brazo t\u00e9cnico de fiscalizaci\u00f3n de la C\u00e1mara de Diputados<\/strong> y tiene la responsabilidad de revisar la cuenta p\u00fablica, investigar irregularidades en el uso de recursos federales y promover sanciones administrativas o penales cuando detecta desv\u00edos.<\/p>\n\n\n\n<p>Por ello, la designaci\u00f3n de su titular suele tener <strong>alto impacto pol\u00edtico<\/strong>, ya que la ASF audita programas sociales, obras de infraestructura, empresas productivas del Estado y transferencias a gobiernos estatales y municipales.<\/p>\n\n\n\n<p>En ese contexto, el nombramiento de Hern\u00e1ndez Palacios abre un nuevo cap\u00edtulo en la discusi\u00f3n sobre <strong>la autonom\u00eda real de los \u00f3rganos de control<\/strong> en un momento en que el gobierno federal impulsa reformas institucionales y mantiene una amplia mayor\u00eda legislativa en el Congreso.<\/p>\n\n\n\n<p>La expectativa ahora se centra en si la nueva gesti\u00f3n de la ASF mantendr\u00e1 una fiscalizaci\u00f3n rigurosa del gasto p\u00fablico o si prevalecer\u00e1n las dudas sobre su independencia frente al poder pol\u00edtico.<\/p>\n","protected":false},"excerpt":{"rendered":"<p>El nuevo Auditor Superior de la Federaci\u00f3n fue electo con 472 votos en la C\u00e1mara de Diputados. Su nombramiento revive cuestionamientos por su cercan\u00eda pol\u00edtica: es hijo de quien fue secretario particular de Claudia Sheinbaum durante su gesti\u00f3n como Jefa de Gobierno de la Ciudad de M\u00e9xico.<\/p>\n","protected":false},"author":1,"featured_media":3259,"comment_status":"closed","ping_status":"closed","sticky":false,"template":"","format":"standard","meta":{"twitterCardType":"","cardImageID":0,"cardImage":"","cardTitle":"","cardDesc":"","cardImageAlt":"","cardPlayer":"","cardPlayerWidth":0,"cardPlayerHeight":0,"cardPlayerStream":"","cardPlayerCodec":"","footnotes":""},"categories":[9,8],"tags":[269,1009,1008,427,129],"class_list":["post-3258","post","type-post","status-publish","format-standard","has-post-thumbnail","hentry","category-nacional","category-noticias","tag-asf","tag-auditor-superior-de-la-federacion","tag-aureliano-hernandez-palacios-cardel","tag-camara-de-diputados","tag-claudia-sheinbaum"],"_links":{"self":[{"href":"https:\/\/literalmex.com\/index.php\/wp-json\/wp\/v2\/posts\/3258","targetHints":{"allow":["GET"]}}],"collection":[{"href":"https:\/\/literalmex.com\/index.php\/wp-json\/wp\/v2\/posts"}],"about":[{"href":"https:\/\/literalmex.com\/index.php\/wp-json\/wp\/v2\/types\/post"}],"author":[{"embeddable":true,"href":"https:\/\/literalmex.com\/index.php\/wp-json\/wp\/v2\/users\/1"}],"replies":[{"embeddable":true,"href":"https:\/\/literalmex.com\/index.php\/wp-json\/wp\/v2\/comments?post=3258"}],"version-history":[{"count":1,"href":"https:\/\/literalmex.com\/index.php\/wp-json\/wp\/v2\/posts\/3258\/revisions"}],"predecessor-version":[{"id":3260,"href":"https:\/\/literalmex.com\/index.php\/wp-json\/wp\/v2\/posts\/3258\/revisions\/3260"}],"wp:featuredmedia":[{"embeddable":true,"href":"https:\/\/literalmex.com\/index.php\/wp-json\/wp\/v2\/media\/3259"}],"wp:attachment":[{"href":"https:\/\/literalmex.com\/index.php\/wp-json\/wp\/v2\/media?parent=3258"}],"wp:term":[{"taxonomy":"category","embeddable":true,"href":"https:\/\/literalmex.com\/index.php\/wp-json\/wp\/v2\/categories?post=3258"},{"taxonomy":"post_tag","embeddable":true,"href":"https:\/\/literalmex.com\/index.php\/wp-json\/wp\/v2\/tags?post=3258"}],"curies":[{"name":"wp","href":"https:\/\/api.w.org\/{rel}","templated":true}]}}