{"id":3262,"date":"2026-03-13T04:12:38","date_gmt":"2026-03-13T04:12:38","guid":{"rendered":"https:\/\/literalmex.com\/?p=3262"},"modified":"2026-03-13T10:44:53","modified_gmt":"2026-03-13T10:44:53","slug":"renuncia-oscar-renteria-a-ssp-de-sinaloa-el-general-trevilla-lo-puso-y-ahora-lo-reubica","status":"publish","type":"post","link":"https:\/\/literalmex.com\/index.php\/2026\/03\/13\/renuncia-oscar-renteria-a-ssp-de-sinaloa-el-general-trevilla-lo-puso-y-ahora-lo-reubica\/","title":{"rendered":"Renuncia Oscar Renter\u00eda a SSP de Sinaloa, el general Trevilla lo puso\u2026 y ahora lo reubica"},"content":{"rendered":"\n<p>La salida del general <strong>\u00d3scar Renter\u00eda Schazarino<\/strong> de la Secretar\u00eda de Seguridad P\u00fablica del estado confirma que el <strong>control de los mandos en la seguridad sinaloense se decide en la oficina del General Secretario de la Defensa, Ricardo Trevilla<\/strong>, y no en la del gobernador Rub\u00e9n Rocha Moya.<\/p>\n\n\n\n<p>Renter\u00eda lleg\u00f3 al cargo en diciembre de 2024, en los primeros meses del nuevo gobierno federal, como parte de una estrategia para reforzar la seguridad en uno de los estados m\u00e1s sensibles del pa\u00eds. Su nombramiento fue impulsado desde la Secretar\u00eda de la Defensa Nacional, encabezada por el general Ricardo Trevilla Trejo, quien comenzaba entonces a reorganizar los mandos militares desplegados en tareas de seguridad p\u00fablica.<\/p>\n\n\n\n<p>La designaci\u00f3n no fue menor. Sinaloa ocupa una posici\u00f3n central en el mapa del crimen organizado en M\u00e9xico. La entidad ha sido hist\u00f3ricamente el basti\u00f3n del <strong>C\u00e1rtel de Sinaloa<\/strong> y, en los \u00faltimos a\u00f1os, escenario de disputas internas entre sus propias facciones, lo que ha provocado una escalada de violencia en municipios clave como Culiac\u00e1n.<\/p>\n\n\n\n<p>En ese contexto, el env\u00edo de un general del Ej\u00e9rcito al mando de la seguridad estatal represent\u00f3 una se\u00f1al clara de que la estrategia federal buscaba reforzar el control operativo y la coordinaci\u00f3n entre fuerzas federales, Ej\u00e9rcito y autoridades locales.<\/p>\n\n\n\n<p>Antes de asumir el cargo en Sinaloa, Renter\u00eda Schazarino hab\u00eda ocupado diversas responsabilidades dentro de la estructura militar, incluyendo el mando de zonas militares en regiones con fuerte presencia del crimen organizado. Su perfil operativo y su experiencia en \u00e1reas de conflicto lo colocaron como una opci\u00f3n viable para encabezar la seguridad p\u00fablica en la entidad.<\/p>\n\n\n\n<p>El gobernador <strong>Rub\u00e9n Rocha Moya<\/strong> reconoci\u00f3 en su momento que el nombramiento del general se dio en coordinaci\u00f3n con el gabinete de seguridad federal, lo que evidenciaba la participaci\u00f3n directa de la Sedena en la definici\u00f3n de la estrategia estatal.<\/p>\n\n\n\n<p>La figura de Trevilla, sin embargo, ha adquirido un peso particular dentro del aparato de seguridad nacional. Tras el abatimiento de Nemesio Oseguera Cervantes, \u201cEl Mencho\u201d, l\u00edder del C\u00e1rtel Jalisco Nueva Generaci\u00f3n, el secretario de la Defensa se consolid\u00f3 como <strong>el mando de seguridad m\u00e1s influyentes de M\u00e9xico, y como uno de los interlocutores m\u00e1s confiables en materia de cooperaci\u00f3n con Estados Unidos<\/strong> en la lucha contra el narcotr\u00e1fico.<\/p>\n\n\n\n<p>En ese escenario, los movimientos de mandos militares en estados clave \u2014como Sinaloa\u2014 forman parte de una estrategia m\u00e1s amplia de control territorial y coordinaci\u00f3n federal.<\/p>\n\n\n\n<p>Ahora, con la salida de Renter\u00eda del cargo, el movimiento vuelve a apuntar hacia la misma estructura que lo llev\u00f3 al puesto. En los hechos, su llegada y su relevo forman parte de una din\u00e1mica interna del Ej\u00e9rcito en la que los mandos son asignados, rotados o reubicados conforme a las necesidades operativas del aparato de seguridad nacional.<\/p>\n\n\n\n<p>El episodio confirma una tendencia que se ha consolidado en los \u00faltimos a\u00f1os: en entidades estrat\u00e9gicas para la seguridad del pa\u00eds, los titulares de las secretar\u00edas de seguridad p\u00fablica no solo responden a los gobiernos estatales, sino tambi\u00e9n a la l\u00f3gica operativa del mando militar federal.<\/p>\n","protected":false},"excerpt":{"rendered":"<p>La llegada y salida del general \u00d3scar Renter\u00eda Schazarino de la Secretar\u00eda de Seguridad P\u00fablica de Sinaloa refleja el peso de la Sedena en la estrategia de seguridad del estado. Tras el abatimiento del &#8220;Mencho&#8221; el general Ricardo Trevilla se consolid\u00f3 como el mando de seguridad m\u00e1s influyentes del pa\u00eds.<\/p>\n","protected":false},"author":2,"featured_media":3263,"comment_status":"closed","ping_status":"closed","sticky":false,"template":"","format":"standard","meta":{"twitterCardType":"","cardImageID":0,"cardImage":"","cardTitle":"","cardDesc":"","cardImageAlt":"","cardPlayer":"","cardPlayerWidth":0,"cardPlayerHeight":0,"cardPlayerStream":"","cardPlayerCodec":"","footnotes":""},"categories":[9,8],"tags":[1010,439,274,883,199,275],"class_list":["post-3262","post","type-post","status-publish","format-standard","has-post-thumbnail","hentry","category-nacional","category-noticias","tag-oscar-renteria-schazarino","tag-ricardo-trevilla","tag-ruben-rocha-moya","tag-secretaria-de-seguridad-publica","tag-sedena","tag-sinaloa"],"_links":{"self":[{"href":"https:\/\/literalmex.com\/index.php\/wp-json\/wp\/v2\/posts\/3262","targetHints":{"allow":["GET"]}}],"collection":[{"href":"https:\/\/literalmex.com\/index.php\/wp-json\/wp\/v2\/posts"}],"about":[{"href":"https:\/\/literalmex.com\/index.php\/wp-json\/wp\/v2\/types\/post"}],"author":[{"embeddable":true,"href":"https:\/\/literalmex.com\/index.php\/wp-json\/wp\/v2\/users\/2"}],"replies":[{"embeddable":true,"href":"https:\/\/literalmex.com\/index.php\/wp-json\/wp\/v2\/comments?post=3262"}],"version-history":[{"count":2,"href":"https:\/\/literalmex.com\/index.php\/wp-json\/wp\/v2\/posts\/3262\/revisions"}],"predecessor-version":[{"id":3265,"href":"https:\/\/literalmex.com\/index.php\/wp-json\/wp\/v2\/posts\/3262\/revisions\/3265"}],"wp:featuredmedia":[{"embeddable":true,"href":"https:\/\/literalmex.com\/index.php\/wp-json\/wp\/v2\/media\/3263"}],"wp:attachment":[{"href":"https:\/\/literalmex.com\/index.php\/wp-json\/wp\/v2\/media?parent=3262"}],"wp:term":[{"taxonomy":"category","embeddable":true,"href":"https:\/\/literalmex.com\/index.php\/wp-json\/wp\/v2\/categories?post=3262"},{"taxonomy":"post_tag","embeddable":true,"href":"https:\/\/literalmex.com\/index.php\/wp-json\/wp\/v2\/tags?post=3262"}],"curies":[{"name":"wp","href":"https:\/\/api.w.org\/{rel}","templated":true}]}}