{"id":3266,"date":"2026-03-14T01:14:28","date_gmt":"2026-03-14T01:14:28","guid":{"rendered":"https:\/\/literalmex.com\/?p=3266"},"modified":"2026-03-14T01:33:51","modified_gmt":"2026-03-14T01:33:51","slug":"por-alguna-razon-sheinbaum-no-quiere-acabar-con-los-carteles-donald-trump","status":"publish","type":"post","link":"https:\/\/literalmex.com\/index.php\/2026\/03\/14\/por-alguna-razon-sheinbaum-no-quiere-acabar-con-los-carteles-donald-trump\/","title":{"rendered":"Por alguna raz\u00f3n Sheinbaum no quiere acabar con los c\u00e1rteles: Donald Trump"},"content":{"rendered":"\n<p>El Presidente de Estados Unidos, Donald Trump, asegur\u00f3 que los c\u00e1rteles del narcotr\u00e1fico ejercen el control real en M\u00e9xico y cuestion\u00f3 la decisi\u00f3n de la Presidenta Claudia Sheinbaum de rechazar el env\u00edo de tropas estadounidenses para combatirlos.<\/p>\n\n\n\n<p>Antes de abordar el avi\u00f3n presidencial Air Force One en la Base A\u00e9rea Andrews, en Maryland, rumbo a Florida para pasar el fin de semana en su residencia de Mar-a-Lago, Trump afirm\u00f3 que hab\u00eda ofrecido ayuda directa para enfrentar a las organizaciones criminales, pero que el gobierno mexicano no acept\u00f3.<\/p>\n\n\n\n<p>\u201cElla no deber\u00eda haber rechazado mi ayuda. Me ofrec\u00ed a acabar con los c\u00e1rteles en M\u00e9xico y, por alguna raz\u00f3n, ella no quiere\u201d, dijo el mandatario estadounidense. \u201cMe cae muy bien, pero deber\u00eda acabar con los c\u00e1rteles, porque \u2014nos guste o no\u2014 los c\u00e1rteles son quienes gobiernan M\u00e9xico\u201d.<\/p>\n\n\n\n<p>Las declaraciones de Trump surgieron al responder preguntas de la prensa sobre la situaci\u00f3n de seguridad en M\u00e9xico y la cooperaci\u00f3n bilateral en materia de combate al narcotr\u00e1fico.<\/p>\n\n\n\n<p>Horas antes, el Presidente estadounidense hab\u00eda republicado en la red social Truth Social un mensaje en espa\u00f1ol del usuario Carlo Mar\u00edn en el que se calificaba al gobierno mexicano como un \u201cnarcogobierno\u201d.<\/p>\n\n\n\n<p>La Presidenta Sheinbaum respondi\u00f3 a las afirmaciones se\u00f1alando que Trump probablemente no estaba bien informado sobre la estrategia de seguridad mexicana.<\/p>\n\n\n\n<figure class=\"wp-block-embed is-type-rich is-provider-twitter wp-block-embed-twitter\"><div class=\"wp-block-embed__wrapper\">\n<blockquote class=\"twitter-tweet\" data-width=\"550\" data-dnt=\"true\"><p lang=\"es\" dir=\"ltr\">\u00a1INCREIBLE! SHEINBAUM DICE QUE NO SE EST\u00c1 INVESTIGANDO AL ALMIRANTE RAFAEL OJEDA por huachicol fiscal<br><br>Que la Fiscal\u00eda <a href=\"https:\/\/twitter.com\/FGRMexico?ref_src=twsrc%5Etfw\">@FGRMexico<\/a>  de Ernestina Godoy NO encuentra pruebas para vincularlos a proceso, sin embargo, su sobrino Manuel Far\u00edas Laguna encabezaba una estructura de\u2026 <a href=\"https:\/\/t.co\/XrPI6D6VqU\">pic.twitter.com\/XrPI6D6VqU<\/a><\/p>&mdash; Literal M\u00e9xico (@literalmexico) <a href=\"https:\/\/twitter.com\/literalmexico\/status\/2032144200486306037?ref_src=twsrc%5Etfw\">March 12, 2026<\/a><\/blockquote><script async src=\"https:\/\/platform.twitter.com\/widgets.js\" charset=\"utf-8\"><\/script>\n<\/div><\/figure>\n\n\n\n<p>El intercambio ocurre en un momento de creciente tensi\u00f3n pol\u00edtica en torno al papel de Estados Unidos frente al poder de los c\u00e1rteles mexicanos, tema que se ha colocado nuevamente en el centro del debate p\u00fablico en Washington.<\/p>\n\n\n\n<p>Durante los \u00faltimos a\u00f1os, pol\u00edticos y estrategas de seguridad estadounidenses han planteado la posibilidad de designar a los c\u00e1rteles mexicanos como organizaciones terroristas, lo que abrir\u00eda la puerta a acciones extraterritoriales del gobierno estadounidense.<\/p>\n\n\n\n<p>Para el gobierno mexicano, sin embargo, la cooperaci\u00f3n en seguridad con Estados Unidos debe mantenerse bajo los principios de soberan\u00eda nacional y coordinaci\u00f3n bilateral, sin la presencia de fuerzas militares extranjeras en territorio mexicano.<\/p>\n\n\n\n<p>Las declaraciones de Trump vuelven a tensar ese equilibrio diplom\u00e1tico y reflejan el tono cada vez m\u00e1s duro que sectores de la pol\u00edtica estadounidense mantienen frente al fen\u00f3meno del narcotr\u00e1fico y la violencia vinculada a los c\u00e1rteles en M\u00e9xico.<\/p>\n","protected":false},"excerpt":{"rendered":"<p>El presidente de EEUU afirm\u00f3 que Claudia Sheinbaum no debi\u00f3 rechazar su ofrecimiento de enviar tropas para combatir al narcotr\u00e1fico: &#8220;Nos guste o no, los c\u00e1rteles gobiernan M\u00e9xico&#8221;.<\/p>\n","protected":false},"author":1,"featured_media":3267,"comment_status":"closed","ping_status":"closed","sticky":false,"template":"","format":"standard","meta":{"twitterCardType":"","cardImageID":0,"cardImage":"","cardTitle":"","cardDesc":"","cardImageAlt":"","cardPlayer":"","cardPlayerWidth":0,"cardPlayerHeight":0,"cardPlayerStream":"","cardPlayerCodec":"","footnotes":""},"categories":[9,8],"tags":[129,487,554],"class_list":["post-3266","post","type-post","status-publish","format-standard","has-post-thumbnail","hentry","category-nacional","category-noticias","tag-claudia-sheinbaum","tag-donald-trump","tag-narco"],"_links":{"self":[{"href":"https:\/\/literalmex.com\/index.php\/wp-json\/wp\/v2\/posts\/3266","targetHints":{"allow":["GET"]}}],"collection":[{"href":"https:\/\/literalmex.com\/index.php\/wp-json\/wp\/v2\/posts"}],"about":[{"href":"https:\/\/literalmex.com\/index.php\/wp-json\/wp\/v2\/types\/post"}],"author":[{"embeddable":true,"href":"https:\/\/literalmex.com\/index.php\/wp-json\/wp\/v2\/users\/1"}],"replies":[{"embeddable":true,"href":"https:\/\/literalmex.com\/index.php\/wp-json\/wp\/v2\/comments?post=3266"}],"version-history":[{"count":2,"href":"https:\/\/literalmex.com\/index.php\/wp-json\/wp\/v2\/posts\/3266\/revisions"}],"predecessor-version":[{"id":3269,"href":"https:\/\/literalmex.com\/index.php\/wp-json\/wp\/v2\/posts\/3266\/revisions\/3269"}],"wp:featuredmedia":[{"embeddable":true,"href":"https:\/\/literalmex.com\/index.php\/wp-json\/wp\/v2\/media\/3267"}],"wp:attachment":[{"href":"https:\/\/literalmex.com\/index.php\/wp-json\/wp\/v2\/media?parent=3266"}],"wp:term":[{"taxonomy":"category","embeddable":true,"href":"https:\/\/literalmex.com\/index.php\/wp-json\/wp\/v2\/categories?post=3266"},{"taxonomy":"post_tag","embeddable":true,"href":"https:\/\/literalmex.com\/index.php\/wp-json\/wp\/v2\/tags?post=3266"}],"curies":[{"name":"wp","href":"https:\/\/api.w.org\/{rel}","templated":true}]}}