{"id":3499,"date":"2026-04-28T16:05:18","date_gmt":"2026-04-28T16:05:18","guid":{"rendered":"https:\/\/literalmex.com\/?p=3499"},"modified":"2026-04-28T16:43:24","modified_gmt":"2026-04-28T16:43:24","slug":"imputan-nercotrafico-a-huachicoleros-farias-se-la-pasaban-entre-dos-bocas-tabasco-y-guaymas","status":"publish","type":"post","link":"https:\/\/literalmex.com\/index.php\/2026\/04\/28\/imputan-nercotrafico-a-huachicoleros-farias-se-la-pasaban-entre-dos-bocas-tabasco-y-guaymas\/","title":{"rendered":"Imputan narcotr\u00e1fico a marinos huachicoleros Far\u00edas, se la pasaban entre Dos Bocas, Tabasco y Guaymas"},"content":{"rendered":"\n<figure class=\"wp-block-image size-full\"><a href=\"https:\/\/comunicacionsocial.diputados.gob.mx\/\"><img fetchpriority=\"high\" decoding=\"async\" width=\"729\" height=\"91\" src=\"https:\/\/literalmex.com\/wp-content\/uploads\/2026\/04\/010_ABR_2026_ACOSO_BANNER_01.jpg\" alt=\"\" class=\"wp-image-3391\" srcset=\"https:\/\/literalmex.com\/wp-content\/uploads\/2026\/04\/010_ABR_2026_ACOSO_BANNER_01.jpg 729w, https:\/\/literalmex.com\/wp-content\/uploads\/2026\/04\/010_ABR_2026_ACOSO_BANNER_01-300x37.jpg 300w\" sizes=\"(max-width: 729px) 100vw, 729px\" \/><\/a><\/figure>\n\n\n\n<p>La <strong>Fiscal\u00eda General de la Rep\u00fablica (FGR)<\/strong> elev\u00f3 el nivel de gravedad en el caso de los hermanos <strong>Fernando Far\u00edas Laguna<\/strong> y <strong>Manuel Roberto Far\u00edas Laguna<\/strong>, al incorporar el delito de <strong>narcotr\u00e1fico<\/strong> a una investigaci\u00f3n que ya inclu\u00eda <strong>huachicol, lavado de dinero y delincuencia organizada<\/strong>. El expediente apunta a la existencia de una <strong>red estructurada dentro de \u00e1reas estrat\u00e9gicas del Estado<\/strong>, particularmente en el sistema aduanero, con operaciones sostenidas entre <strong>2023 y 2025<\/strong>.<\/p>\n\n\n\n<p>De acuerdo con las indagatorias, el <strong>contralmirante Fernando Far\u00edas Laguna<\/strong>, detenido en <strong>Argentina<\/strong> tras permanecer pr\u00f3fugo desde agosto de 2025, operaba con <strong>movilidad irregular en instalaciones clave<\/strong> como las aduanas de <strong>Dos Bocas, Tabasco<\/strong>, y <strong>Guaymas, Sonora<\/strong>, pese a no contar con <strong>adscripci\u00f3n oficial<\/strong> en dichos puntos. El an\u00e1lisis de geolocalizaci\u00f3n de su n\u00famero telef\u00f3nico lo ubica de forma reiterada en esas zonas durante un periodo cr\u00edtico en el que, formalmente, estaba asignado a otras \u00e1reas de la <strong>Secretar\u00eda de Marina<\/strong>.<\/p>\n\n\n\n<p>Los registros oficiales indican que Far\u00edas Laguna estuvo adscrito al <strong>Estado Mayor General de la Armada<\/strong> entre 2021 y 2023, posteriormente a la <strong>Sexta Flotilla en Manzanillo<\/strong>, y finalmente a la <strong>Tercera Regi\u00f3n Naval en Dos Bocas<\/strong> en 2025. Sin embargo, los datos de campo contradicen esa ruta institucional, al evidenciar <strong>presencia paralela en nodos aduaneros sensibles<\/strong>, lo que refuerza la hip\u00f3tesis de una <strong>operaci\u00f3n clandestina con fines delictivos<\/strong>.<\/p>\n\n\n\n<p>En ese contexto, los documentos de la FGR establecen que ambos hermanos habr\u00edan construido una <strong>estructura de control sistem\u00e1tico en aduanas<\/strong>, facilitando actividades il\u00edcitas relacionadas con <strong>hidrocarburos y drogas<\/strong>. El expediente es contundente al se\u00f1alar: <em>\u201cCometiendo presuntamente los delitos de tr\u00e1fico de influencia, enriquecimiento il\u00edcito, operaciones con recursos de procedencia il\u00edcita, defraudaci\u00f3n fiscal equiparada y delincuencia organizada, ya que se tiene el conocimiento de que los hermanos Far\u00edas Laguna crearon una estructura donde consolidaron un control sistem\u00e1tico y sostenido sobre \u00e1reas estrat\u00e9gicas de la administraci\u00f3n p\u00fablica federal, espec\u00edficamente en las aduanas, donde se cometieron delitos en temas relacionados a hidrocarburos y tr\u00e1fico de drogas\u201d<\/em>.<\/p>\n\n\n\n<figure class=\"wp-block-embed is-type-rich is-provider-twitter wp-block-embed-twitter\"><div class=\"wp-block-embed__wrapper\">\n<blockquote class=\"twitter-tweet\" data-width=\"550\" data-dnt=\"true\"><p lang=\"es\" dir=\"ltr\">GOLPES DE SHEINBAUM A JAVIER MILEI atoran repatriaci\u00f3n del Contralmirante Fernando Far\u00edas, sobrino del almirante Ojeda, detenido en Argentina por red de huachicol <br><br>El caso se complica tras el respaldo de Sheinbaum a Cristina Kirchner en Barcelona, adversaria de Milei, lo que\u2026 <a href=\"https:\/\/t.co\/hRzB4PTcp0\">pic.twitter.com\/hRzB4PTcp0<\/a><\/p>&mdash; Literal M\u00e9xico (@literalmexico) <a href=\"https:\/\/twitter.com\/literalmexico\/status\/2048102238741295461?ref_src=twsrc%5Etfw\">April 25, 2026<\/a><\/blockquote><script async src=\"https:\/\/platform.twitter.com\/widgets.js\" charset=\"utf-8\"><\/script>\n<\/div><\/figure>\n\n\n\n<p>El caso tambi\u00e9n exhibe <strong>anomal\u00edas financieras relevantes<\/strong>. Informaci\u00f3n proporcionada por el <strong>Servicio de Administraci\u00f3n Tributaria (SAT)<\/strong> revela discrepancias entre los ingresos declarados por <strong>Fernando Far\u00edas Laguna<\/strong> y los montos registrados en comprobantes fiscales. Mientras sus declaraciones anuales de 2020 a 2024 reportan ingresos por <strong>9.4 millones de pesos<\/strong>, los <strong>CFDI de n\u00f3mina<\/strong> emitidos por la <strong>Secretar\u00eda de Marina<\/strong> suman m\u00e1s de <strong>11.7 millones<\/strong>, generando una diferencia superior a <strong>4.8 millones de pesos<\/strong>.<\/p>\n\n\n\n<p>Las irregularidades no se limitan a la diferencia de montos. Los reportes oficiales subrayan la emisi\u00f3n at\u00edpica de m\u00faltiples comprobantes en un mismo d\u00eda: <em>\u201cEn los CFDI recibidos por n\u00f3mina se identific\u00f3 que Fernando Far\u00edas Laguna en ciertos d\u00edas recibi\u00f3 de tres o incluso hasta m\u00e1s de 20 CFDI con fecha de emisi\u00f3n del mismo d\u00eda por cantidades que llegan a superar m\u00e1s de 1.3 millones de pesos, lo cual resulta inusual, toda vez que para el pago de n\u00f3mina se tendr\u00edan que emitir uno o dos CFDI a la quincena o al mes que corresponda\u201d<\/em>.<\/p>\n\n\n\n<figure class=\"wp-block-embed is-type-rich is-provider-twitter wp-block-embed-twitter\"><div class=\"wp-block-embed__wrapper\">\n<blockquote class=\"twitter-tweet\" data-width=\"550\" data-dnt=\"true\"><p lang=\"es\" dir=\"ltr\">CAE OTRO ALMIRANTE FAR\u00cdAS DE RED DE HUACHICOL \u00bfy el ex Secretario Rafael Ojeda?<br><br>La captura del Contralmirante Fernando Far\u00edas en Argentina confirma la dimensi\u00f3n internacional de la red de huachicol fiscal, ligada a la entrada ilegal de 31 buques con combustible por aduanas en\u2026 <a href=\"https:\/\/t.co\/Bc9GwBx7pR\">pic.twitter.com\/Bc9GwBx7pR<\/a><\/p>&mdash; Literal M\u00e9xico (@literalmexico) <a href=\"https:\/\/twitter.com\/literalmexico\/status\/2047674677099700393?ref_src=twsrc%5Etfw\">April 24, 2026<\/a><\/blockquote><script async src=\"https:\/\/platform.twitter.com\/widgets.js\" charset=\"utf-8\"><\/script>\n<\/div><\/figure>\n\n\n\n<p>La investigaci\u00f3n tambi\u00e9n documenta <strong>v\u00ednculos operativos con otros mandos navales<\/strong>. Se identific\u00f3 una reuni\u00f3n entre <strong>Fernando Far\u00edas Laguna<\/strong> y el <strong>capit\u00e1n de nav\u00edo Cl\u00edmaco Aldape Utrera<\/strong> el 18 de mayo de 2025 en <strong>Tlalpan, Ciudad de M\u00e9xico<\/strong>, personaje cuyo proceso judicial fue suspendido temporalmente por un juez federal en octubre. Asimismo, se registraron al menos cinco encuentros con <strong>Miguel \u00c1ngel Solano Ruiz, \u201cEl Capit\u00e1n Sol\u201d<\/strong>, capit\u00e1n de corbeta retirado actualmente pr\u00f3fugo, durante marzo y junio del mismo a\u00f1o.<\/p>\n\n\n\n<p>Un elemento adicional que tensiona el caso es la <strong>relaci\u00f3n familiar de los hermanos Far\u00edas Laguna con el ex Secretario de Marina, el almirante Rafael Ojeda Dur\u00e1n<\/strong>, lo que introduce un componente pol\u00edtico y de posible <strong>protecci\u00f3n institucional<\/strong>. Pese a esa cercan\u00eda, la <strong>Fiscal\u00eda encabezada por Ernestina Godoy<\/strong> no ha llamado a declarar al ex mando naval, lo que ha generado cuestionamientos sobre la <strong>l\u00ednea de investigaci\u00f3n y sus alcances<\/strong>.<\/p>\n\n\n\n<p>En ese mismo eje, el caso se inserta en un contexto de se\u00f1alamientos sobre la <strong>protecci\u00f3n pol\u00edtica desde el gobierno de Claudia Sheinbaum<\/strong>, donde la ausencia de acciones directas contra figuras de alto nivel vinculadas indirectamente al expediente refuerza la percepci\u00f3n de un <strong>manejo selectivo de la justicia<\/strong>.<\/p>\n\n\n\n<p>El entramado descrito por la <strong>FGR<\/strong> sugiere la existencia de una <strong>red con capacidad de infiltraci\u00f3n institucional<\/strong>, que habr\u00eda operado con cobertura interna y movilidad estrat\u00e9gica en puntos neur\u00e1lgicos del comercio exterior.<\/p>\n\n\n\n<figure class=\"wp-block-image size-large\"><img decoding=\"async\" width=\"1024\" height=\"646\" src=\"https:\/\/literalmex.com\/wp-content\/uploads\/2026\/04\/plata-card-1024x646.jpg\" alt=\"\" class=\"wp-image-3411\" srcset=\"https:\/\/literalmex.com\/wp-content\/uploads\/2026\/04\/plata-card-1024x646.jpg 1024w, https:\/\/literalmex.com\/wp-content\/uploads\/2026\/04\/plata-card-300x189.jpg 300w, https:\/\/literalmex.com\/wp-content\/uploads\/2026\/04\/plata-card-768x484.jpg 768w, https:\/\/literalmex.com\/wp-content\/uploads\/2026\/04\/plata-card.jpg 1080w\" sizes=\"(max-width: 1024px) 100vw, 1024px\" \/><\/figure>\n\n\n\n<p><\/p>\n","protected":false},"excerpt":{"rendered":"<p>La FGR elev\u00f3 el caso de los hermanos Fernando Far\u00edas Laguna y Manuel Roberto Far\u00edas Laguna al incorporar narcotr\u00e1fico, documentando una red en aduanas vinculada a huachicol, drogas y lavado de dinero.<\/p>\n","protected":false},"author":1,"featured_media":3500,"comment_status":"closed","ping_status":"closed","sticky":false,"template":"","format":"standard","meta":{"twitterCardType":"","cardImageID":0,"cardImage":"","cardTitle":"","cardDesc":"","cardImageAlt":"","cardPlayer":"","cardPlayerWidth":0,"cardPlayerHeight":0,"cardPlayerStream":"","cardPlayerCodec":"","footnotes":""},"categories":[9,8],"tags":[758,757,26,129,247,675,406,1133,502,367,499],"class_list":["post-3499","post","type-post","status-publish","format-standard","has-post-thumbnail","hentry","category-nacional","category-noticias","tag-almirante-rafael-ojeda","tag-almirante-raymundo-morales","tag-amlo","tag-claudia-sheinbaum","tag-dos-bocas","tag-farias-laguna","tag-huachicol","tag-lvado","tag-narcotrafico","tag-secretaria-de-marina","tag-tabasco"],"_links":{"self":[{"href":"https:\/\/literalmex.com\/index.php\/wp-json\/wp\/v2\/posts\/3499","targetHints":{"allow":["GET"]}}],"collection":[{"href":"https:\/\/literalmex.com\/index.php\/wp-json\/wp\/v2\/posts"}],"about":[{"href":"https:\/\/literalmex.com\/index.php\/wp-json\/wp\/v2\/types\/post"}],"author":[{"embeddable":true,"href":"https:\/\/literalmex.com\/index.php\/wp-json\/wp\/v2\/users\/1"}],"replies":[{"embeddable":true,"href":"https:\/\/literalmex.com\/index.php\/wp-json\/wp\/v2\/comments?post=3499"}],"version-history":[{"count":3,"href":"https:\/\/literalmex.com\/index.php\/wp-json\/wp\/v2\/posts\/3499\/revisions"}],"predecessor-version":[{"id":3504,"href":"https:\/\/literalmex.com\/index.php\/wp-json\/wp\/v2\/posts\/3499\/revisions\/3504"}],"wp:featuredmedia":[{"embeddable":true,"href":"https:\/\/literalmex.com\/index.php\/wp-json\/wp\/v2\/media\/3500"}],"wp:attachment":[{"href":"https:\/\/literalmex.com\/index.php\/wp-json\/wp\/v2\/media?parent=3499"}],"wp:term":[{"taxonomy":"category","embeddable":true,"href":"https:\/\/literalmex.com\/index.php\/wp-json\/wp\/v2\/categories?post=3499"},{"taxonomy":"post_tag","embeddable":true,"href":"https:\/\/literalmex.com\/index.php\/wp-json\/wp\/v2\/tags?post=3499"}],"curies":[{"name":"wp","href":"https:\/\/api.w.org\/{rel}","templated":true}]}}