{"id":3505,"date":"2026-04-28T18:58:27","date_gmt":"2026-04-28T18:58:27","guid":{"rendered":"https:\/\/literalmex.com\/?p=3505"},"modified":"2026-04-28T18:58:28","modified_gmt":"2026-04-28T18:58:28","slug":"escuchar-deja-de-ser-privilegio-en-zacatecas-ninas-y-ninos-lo-hacen-por-primera-vez-con-implantes-cocleares","status":"publish","type":"post","link":"https:\/\/literalmex.com\/index.php\/2026\/04\/28\/escuchar-deja-de-ser-privilegio-en-zacatecas-ninas-y-ninos-lo-hacen-por-primera-vez-con-implantes-cocleares\/","title":{"rendered":"Escuchar deja de ser privilegio en Zacatecas: ni\u00f1as y ni\u00f1os lo hacen por primera vez con implantes cocleares"},"content":{"rendered":"\n<p>La escena fue tan simb\u00f3lica como contundente: una ni\u00f1a pronunciando su primer \u201cgracias\u201d tras escuchar por primera vez. El hecho ocurri\u00f3 en <strong>Zacatecas<\/strong>, durante una jornada encabezada por el <strong>Gobernador David Monreal \u00c1vila<\/strong> y la <strong>Presidenta Honor\u00edfica del SEDIF, Sara Hern\u00e1ndez<\/strong>, donde el encendido de procesadores auditivos marc\u00f3 un punto de inflexi\u00f3n para familias que durante a\u00f1os enfrentaron barreras m\u00e9dicas y econ\u00f3micas.<\/p>\n\n\n\n<p>El caso de <strong>Soledad Guadalupe<\/strong> sintetiza el impacto del programa. Tras la activaci\u00f3n de su dispositivo, su reacci\u00f3n emocional evidenci\u00f3 el alcance de una intervenci\u00f3n que no solo es cl\u00ednica, sino social. Su madre lo resumi\u00f3 en una frase que refleja la experiencia de m\u00faltiples beneficiarios: <em>\u201cSe nos cerraron muchas puertas y ustedes nos las abrieron\u201d<\/em>.<\/p>\n\n\n\n<p>La iniciativa se enmarca en el <strong>A\u00f1o del Progreso 2026<\/strong>, una narrativa impulsada por la administraci\u00f3n estatal para posicionar pol\u00edticas p\u00fablicas con enfoque social. En t\u00e9rminos operativos, el programa ha concretado <strong>20 cirug\u00edas de implante coclear<\/strong> y <strong>26 cambios de procesador<\/strong>, incorporando adem\u00e1s <strong>tres procedimientos bilaterales<\/strong>, lo que representa un avance t\u00e9cnico relevante en cobertura y calidad de atenci\u00f3n.<\/p>\n\n\n\n<p>Durante el evento, el mandatario subray\u00f3 el car\u00e1cter excepcional de estas intervenciones: <em>\u201cDarles la oportunidad de escuchar es algo extraordinario; no hay mejor regalo que este\u201d<\/em>. La afirmaci\u00f3n apunta a un problema estructural: el acceso limitado a tratamientos de alta especialidad, particularmente para familias sin capacidad econ\u00f3mica.<\/p>\n\n\n\n<p>Desde el <strong>Sistema Estatal para el Desarrollo Integral de la Familia (SEDIF)<\/strong>, <strong>Sara Hern\u00e1ndez<\/strong> reforz\u00f3 el enfoque de transformaci\u00f3n social del programa: <em>\u201cAqu\u00ed cambia el futuro de nuestras ni\u00f1as y ni\u00f1os; cuando sumamos voluntades, cambiamos destinos\u201d<\/em>. La estrategia ha requerido articulaci\u00f3n con la <strong>Fundaci\u00f3n M\u00e9xico Sin Sordera<\/strong> y el <strong>Hospital General \u201cDr. Eduardo Liceaga\u201d<\/strong>, instituciones clave en la implementaci\u00f3n m\u00e9dica y log\u00edstica.<\/p>\n\n\n\n<p>Especialistas participantes contextualizaron el alcance del procedimiento. El <strong>implante coclear<\/strong> es actualmente la \u00fanica tecnolog\u00eda capaz de restituir la percepci\u00f3n auditiva en casos de sordera profunda, mediante un proceso integral que incluye diagn\u00f3stico, intervenci\u00f3n quir\u00fargica, programaci\u00f3n del dispositivo y rehabilitaci\u00f3n auditiva y del lenguaje. Su \u00e9xito depende tanto de la cirug\u00eda como del acompa\u00f1amiento posterior.<\/p>\n\n\n\n<p>En paralelo, el gobierno estatal inform\u00f3 ajustes log\u00edsticos en eventos p\u00fablicos derivados de la alta demanda ciudadana. Las celebraciones del <strong>D\u00eda de la Ni\u00f1a y el Ni\u00f1o<\/strong> y del <strong>D\u00eda de la Madre<\/strong> se trasladar\u00e1n al <strong>Multiforo de la FENAZA<\/strong>. El concierto infantil est\u00e1 programado para el <strong>29 de abril<\/strong>, mientras que el reconocimiento a las madres incluir\u00e1 la presentaci\u00f3n de <strong>Ricardo Montaner<\/strong> el <strong>9 de mayo<\/strong>.<\/p>\n\n\n\n<p>M\u00e1s all\u00e1 de la agenda p\u00fablica, la jornada deja un mensaje claro: la pol\u00edtica social, cuando se traduce en intervenciones concretas, puede modificar trayectorias de vida. En este caso, el acceso al sonido representa algo m\u00e1s que una mejora m\u00e9dica: es la posibilidad de integraci\u00f3n plena en el entorno familiar, educativo y social.<\/p>\n","protected":false},"excerpt":{"rendered":"<p>Familias agradecen al Gobernador David Monreal; suman 20 cirug\u00edas y 26 cambios de procesador en jornada hist\u00f3rica de inclusi\u00f3n.<\/p>\n","protected":false},"author":1,"featured_media":3506,"comment_status":"closed","ping_status":"closed","sticky":false,"template":"","format":"standard","meta":{"twitterCardType":"","cardImageID":0,"cardImage":"","cardTitle":"","cardDesc":"","cardImageAlt":"","cardPlayer":"","cardPlayerWidth":0,"cardPlayerHeight":0,"cardPlayerStream":"","cardPlayerCodec":"","footnotes":""},"categories":[9,8],"tags":[557,1135,1134,1137,1136,231],"class_list":["post-3505","post","type-post","status-publish","format-standard","has-post-thumbnail","hentry","category-nacional","category-noticias","tag-david-monreal","tag-implante-coclear","tag-implantes-cocleares","tag-sara-hernandez","tag-sedif","tag-zacatecas"],"_links":{"self":[{"href":"https:\/\/literalmex.com\/index.php\/wp-json\/wp\/v2\/posts\/3505","targetHints":{"allow":["GET"]}}],"collection":[{"href":"https:\/\/literalmex.com\/index.php\/wp-json\/wp\/v2\/posts"}],"about":[{"href":"https:\/\/literalmex.com\/index.php\/wp-json\/wp\/v2\/types\/post"}],"author":[{"embeddable":true,"href":"https:\/\/literalmex.com\/index.php\/wp-json\/wp\/v2\/users\/1"}],"replies":[{"embeddable":true,"href":"https:\/\/literalmex.com\/index.php\/wp-json\/wp\/v2\/comments?post=3505"}],"version-history":[{"count":1,"href":"https:\/\/literalmex.com\/index.php\/wp-json\/wp\/v2\/posts\/3505\/revisions"}],"predecessor-version":[{"id":3507,"href":"https:\/\/literalmex.com\/index.php\/wp-json\/wp\/v2\/posts\/3505\/revisions\/3507"}],"wp:featuredmedia":[{"embeddable":true,"href":"https:\/\/literalmex.com\/index.php\/wp-json\/wp\/v2\/media\/3506"}],"wp:attachment":[{"href":"https:\/\/literalmex.com\/index.php\/wp-json\/wp\/v2\/media?parent=3505"}],"wp:term":[{"taxonomy":"category","embeddable":true,"href":"https:\/\/literalmex.com\/index.php\/wp-json\/wp\/v2\/categories?post=3505"},{"taxonomy":"post_tag","embeddable":true,"href":"https:\/\/literalmex.com\/index.php\/wp-json\/wp\/v2\/tags?post=3505"}],"curies":[{"name":"wp","href":"https:\/\/api.w.org\/{rel}","templated":true}]}}