{"id":4182,"date":"2026-08-30T18:53:17","date_gmt":"2026-08-30T18:53:17","guid":{"rendered":"https:\/\/literalmex.com\/?p=4182"},"modified":"2026-08-31T01:49:18","modified_gmt":"2026-08-31T01:49:18","slug":"emiliano-rojas-el-valor-joven-que-busca-renovar-la-cuauhtemoc-con-unidad-de-morena","status":"publish","type":"post","link":"https:\/\/literalmex.com\/index.php\/2026\/08\/30\/emiliano-rojas-el-valor-joven-que-busca-renovar-la-cuauhtemoc-con-unidad-de-morena\/","title":{"rendered":"Emiliano Rojas, el valor joven que busca renovar la Cuauht\u00e9moc con unidad de Morena"},"content":{"rendered":"\n<p class=\"wp-block-paragraph\">La disputa por la alcald\u00eda <strong>Cuauht\u00e9moc<\/strong> comenz\u00f3 a tomar forma dentro de <strong>Morena<\/strong>. <strong>Emiliano Rojas<\/strong>, coordinador de asesores del grupo parlamentario guinda en la <strong>C\u00e1mara de Diputados<\/strong> y presidente de <strong>Relevo Mexicano<\/strong>, manifest\u00f3 su intenci\u00f3n de participar en el proceso interno para enfrentar en 2027 a la actual alcaldesa, <strong>Alessandra Rojo de la Vega<\/strong>.<\/p>\n\n\n\n<p class=\"wp-block-paragraph\">La demarcaci\u00f3n ser\u00e1 uno de los principales objetivos electorales de la <strong>Cuarta Transformaci\u00f3n<\/strong> en la <strong>Ciudad de M\u00e9xico<\/strong>. Considerada la \u201ccapital de la capital\u201d por su peso pol\u00edtico, econ\u00f3mico y simb\u00f3lico, la <strong>Cuauht\u00e9moc<\/strong> concentra 33 colonias, las sedes de los poderes federales y algunos de los corredores comerciales, tur\u00edsticos y financieros m\u00e1s importantes del pa\u00eds.<\/p>\n\n\n\n<p class=\"wp-block-paragraph\"><strong>Morena<\/strong> perdi\u00f3 la alcald\u00eda en 2021 y no logr\u00f3 recuperarla en 2024. Ahora, la alcaldesa opositora ya anunci\u00f3 que buscar\u00e1 la reelecci\u00f3n, mientras en el oficialismo se multiplican los aspirantes y persisten las diferencias entre sus distintos grupos.<\/p>\n\n\n\n<p class=\"wp-block-paragraph\">En ese escenario, <strong>Rojas<\/strong> sostiene que la prioridad debe ser evitar una nueva fractura interna. <em>\u201cEn la Cuauht\u00e9moc debemos hacer un compromiso y mantener la unidad para la elecci\u00f3n\u201d<\/em>, declar\u00f3.<\/p>\n\n\n\n<p class=\"wp-block-paragraph\">El joven dirigente comenz\u00f3 su actividad pol\u00edtica en la sociedad de alumnos de su universidad y posteriormente se incorpor\u00f3 al <strong>Senado de la Rep\u00fablica<\/strong>, donde trabaj\u00f3 bajo la conducci\u00f3n de <strong>Ricardo Monreal<\/strong>, entonces presidente de la <strong>Junta de Coordinaci\u00f3n Pol\u00edtica<\/strong>. Al concluir esa Legislatura, acompa\u00f1\u00f3 al zacatecano en su traslado a la <strong>C\u00e1mara de Diputados<\/strong>.<\/p>\n\n\n\n<p class=\"wp-block-paragraph\">Aunque reivindica su cercan\u00eda con <strong>Monreal<\/strong>, asegura que su aspiraci\u00f3n representa la necesidad de abrir espacios a una nueva generaci\u00f3n dentro del partido.<\/p>\n\n\n\n<figure class=\"wp-block-embed is-type-video is-provider-youtube wp-block-embed-youtube wp-embed-aspect-9-16 wp-has-aspect-ratio\"><div class=\"wp-block-embed__wrapper\">\n<iframe title=\"EMILIANO ROJAS valor joven que busca renovar la Cuauht\u00e9moc con unidad de Morena\" width=\"563\" height=\"1000\" src=\"https:\/\/www.youtube.com\/embed\/Dkokvqlz9mU?feature=oembed\" frameborder=\"0\" allow=\"accelerometer; autoplay; clipboard-write; encrypted-media; gyroscope; picture-in-picture; web-share\" referrerpolicy=\"strict-origin-when-cross-origin\" allowfullscreen><\/iframe>\n<\/div><\/figure>\n\n\n\n<p class=\"wp-block-paragraph\"><em>\u201cComo vecino de la Cuauht\u00e9moc, mi intenci\u00f3n es participar de la encuesta por la alcald\u00eda porque debe haber un relevo real en Morena. No solo en nosotros como asesores, sino en los cargos de decisi\u00f3n porque somos la generaci\u00f3n m\u00e1s informada que ha existido en la historia de la humanidad y es justo que hagamos y propongamos un cambio. Ser\u00e1 la encuesta y el proceso del movimiento el que decida\u201d<\/em>, afirm\u00f3.<\/p>\n\n\n\n<p class=\"wp-block-paragraph\"><strong>Rojas<\/strong> considera que repetir esa confrontaci\u00f3n interna facilitar\u00eda la reelecci\u00f3n de <strong>Rojo de la Vega<\/strong>.<\/p>\n\n\n\n<p class=\"wp-block-paragraph\"><em>\u201cHemos perdido en el pasado porque no hubo unidad y no nos pusimos de acuerdo. Debemos hacer un compromiso todos los que aspiramos y mantener la unidad ante la posible rivalidad al momento de la elecci\u00f3n. Es importante que la mayor\u00eda de compa\u00f1eros y compa\u00f1eras nos acuerpemos y demos unidad para las distintas candidaturas\u201d<\/em>, se\u00f1al\u00f3.<\/p>\n\n\n\n<p class=\"wp-block-paragraph\">Sobre el papel de <strong>Ricardo Monreal<\/strong>, asegur\u00f3 que quien resulte seleccionado deber\u00e1 incorporar a todos los liderazgos y anteponer el proyecto electoral a las ambiciones personales.<\/p>\n\n\n\n<p class=\"wp-block-paragraph\"><em>\u201cEs importante que se haga el compromiso real y sincero de que estemos ayudando todos a un proyecto. A veces la ambici\u00f3n le gana al proyecto, pero quien lidere la candidatura debe buscar a todos los liderazgos y generar unidad. Sobre Ricardo Monreal tengo palabras de agradecimiento por lo que me ha permitido hacer en la pol\u00edtica. Me ha formado y me permiti\u00f3 crecer, que no es algo que siempre tenemos los j\u00f3venes\u201d<\/em>, expres\u00f3.<\/p>\n\n\n\n<p class=\"wp-block-paragraph\">El aspirante centr\u00f3 sus cr\u00edticas en la administraci\u00f3n de <strong>Alessandra Rojo de la Vega<\/strong>, a la que responsabiliz\u00f3 por el deterioro de calles, luminarias, parques y espacios comunitarios. Tambi\u00e9n cuestion\u00f3 la desaparici\u00f3n de apoyos sociales locales y exigi\u00f3 explicar el destino de los m\u00e1s de <strong>4 mil millones de pesos<\/strong> que, seg\u00fan dijo, recibe anualmente la alcald\u00eda.<\/p>\n\n\n\n<p class=\"wp-block-paragraph\"><strong>Rojas<\/strong> sostuvo que el deterioro comenz\u00f3 durante la administraci\u00f3n de <strong>Sandra Cuevas<\/strong> y se prolong\u00f3 con el actual gobierno. Desde su perspectiva, ambas gestiones representan la continuidad de la alianza integrada por el <strong>PAN<\/strong>, el <strong>PRI<\/strong> y el desaparecido <strong>PRD<\/strong>.<\/p>\n\n\n\n<p class=\"wp-block-paragraph\"><em>\u201cActualmente ya no hay ning\u00fan apoyo y es mentira lo que le dicen y lo hemos evidenciado. Desde la administraci\u00f3n pasada se quitaron los apoyos sociales, pero no est\u00e1n mejor las calles, hay m\u00e1s baches, no hay mejor luminaria, \u00bfD\u00f3nde est\u00e1 ese dinero? Los parques est\u00e1n abandonados\u201d<\/em>, acus\u00f3.<\/p>\n\n\n\n<p class=\"wp-block-paragraph\">Sus afirmaciones sobre la desaparici\u00f3n de programas sociales han sido rechazadas por la administraci\u00f3n de <strong>Rojo de la Vega<\/strong>, que sostiene que mantiene apoyos locales y ha ampliado algunas acciones sociales. La alcaldesa tambi\u00e9n presume una reducci\u00f3n de la incidencia delictiva y defiende que su gobierno hered\u00f3 una demarcaci\u00f3n deteriorada. Las acusaciones de <strong>Rojas<\/strong>, por tanto, forman parte de una disputa pol\u00edtica y deber\u00e1n contrastarse con padrones, presupuestos, auditor\u00edas y resoluciones administrativas.<\/p>\n\n\n\n<p class=\"wp-block-paragraph\">El colaborador de <strong>Monreal<\/strong> asegur\u00f3 que present\u00f3 denuncias ante la <strong>Contralor\u00eda<\/strong> por presuntos contratos simulados, irregularidades en el ejercicio del <strong>Presupuesto Participativo<\/strong> y la supuesta omisi\u00f3n de cuatro empresas en la declaraci\u00f3n patrimonial de <strong>Rojo de la Vega<\/strong>. La presentaci\u00f3n de una denuncia, sin embargo, no acredita por s\u00ed misma la existencia de una responsabilidad administrativa o penal, mientras no exista una resoluci\u00f3n definitiva de la autoridad competente.<\/p>\n\n\n\n<p class=\"wp-block-paragraph\">Entre sus posibles propuestas de campa\u00f1a, <strong>Rojas<\/strong> coloc\u00f3 como prioridades la repavimentaci\u00f3n integral de calles, el mejoramiento del alumbrado p\u00fablico, la creaci\u00f3n de senderos seguros y la recuperaci\u00f3n de espacios abandonados, como el <strong>Taller de Artes Gr\u00e1ficas de la colonia Doctores<\/strong>, la <strong>Plaza de Los \u00c1ngeles<\/strong>, en la colonia Guerrero, y el <strong>Parque de La Ballena<\/strong>.<\/p>\n\n\n\n<p class=\"wp-block-paragraph\">Tambi\u00e9n cuestion\u00f3 la falta de coordinaci\u00f3n entre la alcald\u00eda y el Gobierno capitalino encabezado por <strong>Clara Brugada<\/strong>, especialmente durante operativos y celebraciones multitudinarias en el <strong>\u00c1ngel de la Independencia<\/strong>. A su juicio, las diferencias partidistas no deber\u00edan afectar la prestaci\u00f3n de servicios ni la atenci\u00f3n a los habitantes.<\/p>\n\n\n\n<p class=\"wp-block-paragraph\">Frente a una posible contienda con <strong>Rojo de la Vega<\/strong>, reconoci\u00f3 que la alcaldesa conserva una importante presencia p\u00fablica, aunque atribuy\u00f3 parte de su aprobaci\u00f3n a su exposici\u00f3n en redes sociales.<\/p>\n\n\n\n<p class=\"wp-block-paragraph\"><em>\u201cElla tiene una buena aprobaci\u00f3n en lo que llamo la crisis de ingobernabilidad. Las personas que viven en otras alcald\u00edas creen que gobierna bien porque la ven en las redes sociales, pero los que s\u00ed viven en la Cuauht\u00e9moc se han dado cuenta que eso es falso\u201d<\/em>, sostuvo.<\/p>\n\n\n\n<p class=\"wp-block-paragraph\">La aparici\u00f3n de <strong>Emiliano Rojas<\/strong> confirma que la candidatura de Morena por la <strong>Cuauht\u00e9moc<\/strong> estar\u00e1 atravesada por la competencia entre generaciones y grupos pol\u00edticos. Su cercan\u00eda con <strong>Ricardo Monreal<\/strong> le aporta estructura y experiencia legislativa, pero tambi\u00e9n lo vincula con una corriente que ya intent\u00f3 recuperar la alcald\u00eda en 2024 sin \u00e9xito.<\/p>\n\n\n\n<p class=\"wp-block-paragraph\">El desaf\u00edo del oficialismo no ser\u00e1 \u00fanicamente elegir a su candidato mediante una encuesta, sino conseguir que los aspirantes derrotados acepten el resultado y trabajen bajo una misma candidatura. Frente a una alcaldesa que buscar\u00e1 reelegirse y que ha convertido su administraci\u00f3n en una plataforma pol\u00edtica de alcance nacional, <strong>Morena<\/strong> necesita resolver primero su disputa interna antes de intentar recuperar el coraz\u00f3n pol\u00edtico de la <strong>Ciudad de M\u00e9xico<\/strong>.<\/p>\n","protected":false},"excerpt":{"rendered":"<p>Coordinador de Asesores de Ricardo Monreal busca competir por la alcald\u00eda en 2027. Acusa abandono, opacidad y falta de servicios durante la gesti\u00f3n de Alessandra Rojo de la Vega.<\/p>\n","protected":false},"author":1,"featured_media":4184,"comment_status":"closed","ping_status":"closed","sticky":false,"template":"","format":"standard","meta":{"twitterCardType":"","cardImageID":0,"cardImage":"","cardTitle":"","cardDesc":"","cardImageAlt":"","cardPlayer":"","cardPlayerWidth":0,"cardPlayerHeight":0,"cardPlayerStream":"","cardPlayerCodec":"","footnotes":""},"categories":[9,8],"tags":[860,245,1431,197,196],"class_list":["post-4182","post","type-post","status-publish","format-standard","has-post-thumbnail","hentry","category-nacional","category-noticias","tag-alcaldia-cuauhtemoc","tag-cuauhtemoc","tag-emiliano-rojas","tag-morena","tag-ricardo-monreal"],"_links":{"self":[{"href":"https:\/\/literalmex.com\/index.php\/wp-json\/wp\/v2\/posts\/4182","targetHints":{"allow":["GET"]}}],"collection":[{"href":"https:\/\/literalmex.com\/index.php\/wp-json\/wp\/v2\/posts"}],"about":[{"href":"https:\/\/literalmex.com\/index.php\/wp-json\/wp\/v2\/types\/post"}],"author":[{"embeddable":true,"href":"https:\/\/literalmex.com\/index.php\/wp-json\/wp\/v2\/users\/1"}],"replies":[{"embeddable":true,"href":"https:\/\/literalmex.com\/index.php\/wp-json\/wp\/v2\/comments?post=4182"}],"version-history":[{"count":9,"href":"https:\/\/literalmex.com\/index.php\/wp-json\/wp\/v2\/posts\/4182\/revisions"}],"predecessor-version":[{"id":4195,"href":"https:\/\/literalmex.com\/index.php\/wp-json\/wp\/v2\/posts\/4182\/revisions\/4195"}],"wp:featuredmedia":[{"embeddable":true,"href":"https:\/\/literalmex.com\/index.php\/wp-json\/wp\/v2\/media\/4184"}],"wp:attachment":[{"href":"https:\/\/literalmex.com\/index.php\/wp-json\/wp\/v2\/media?parent=4182"}],"wp:term":[{"taxonomy":"category","embeddable":true,"href":"https:\/\/literalmex.com\/index.php\/wp-json\/wp\/v2\/categories?post=4182"},{"taxonomy":"post_tag","embeddable":true,"href":"https:\/\/literalmex.com\/index.php\/wp-json\/wp\/v2\/tags?post=4182"}],"curies":[{"name":"wp","href":"https:\/\/api.w.org\/{rel}","templated":true}]}}