{"id":4196,"date":"2026-08-31T21:08:13","date_gmt":"2026-08-31T21:08:13","guid":{"rendered":"https:\/\/literalmex.com\/?p=4196"},"modified":"2026-08-31T21:08:13","modified_gmt":"2026-08-31T21:08:13","slug":"van-por-empresarios-de-segalmex-pero-dejan-impune-a-ignacio-ovalle-mentor-de-amlo","status":"publish","type":"post","link":"https:\/\/literalmex.com\/index.php\/2026\/08\/31\/van-por-empresarios-de-segalmex-pero-dejan-impune-a-ignacio-ovalle-mentor-de-amlo\/","title":{"rendered":"Van por empresarios de Segalmex, pero dejan impune a Ignacio Ovalle, mentor de AMLO"},"content":{"rendered":"\n<figure class=\"wp-block-image size-full\"><a href=\"https:\/\/comunicacionsocial.diputados.gob.mx\/\"><img fetchpriority=\"high\" decoding=\"async\" width=\"728\" height=\"90\" src=\"https:\/\/literalmex.com\/wp-content\/uploads\/2026\/08\/DERECHOS-DE-AUTOR-728X90.png\" alt=\"\" class=\"wp-image-4038\" srcset=\"https:\/\/literalmex.com\/wp-content\/uploads\/2026\/08\/DERECHOS-DE-AUTOR-728X90.png 728w, https:\/\/literalmex.com\/wp-content\/uploads\/2026\/08\/DERECHOS-DE-AUTOR-728X90-300x37.png 300w\" sizes=\"(max-width: 728px) 100vw, 728px\" \/><\/a><\/figure>\n\n\n\n<p class=\"wp-block-paragraph\">La <strong>Fiscal\u00eda General de la Rep\u00fablica (FGR)<\/strong> tiene v\u00eda libre para proceder contra los empresarios chiapanecos <strong>Ren\u00e9 D\u00e1vila de la Vega<\/strong> y su hijo, <strong>Ren\u00e9 D\u00e1vila D\u00edaz<\/strong>, se\u00f1alados por participar en la colocaci\u00f3n irregular de <strong>800 millones de pesos de Segalmex<\/strong> en bonos privados presuntamente carentes de respaldo.<\/p>\n\n\n\n<p class=\"wp-block-paragraph\">El avance judicial contrasta con la ausencia de acciones penales contra <strong>Ignacio Ovalle Fern\u00e1ndez<\/strong>, quien dirigi\u00f3 <strong>Seguridad Alimentaria Mexicana (Segalmex)<\/strong> durante el periodo en que ocurrieron las operaciones investigadas. El exfuncionario, amigo y mentor pol\u00edtico de <strong>Andr\u00e9s Manuel L\u00f3pez Obrador<\/strong>, no ha sido imputado pese a ocupar la m\u00e1xima responsabilidad administrativa del organismo.<\/p>\n\n\n\n<p class=\"wp-block-paragraph\">Los empresarios D\u00e1vila perdieron su \u00faltima oportunidad para excluir del proceso <strong>15 elementos probatorios<\/strong> que la <strong>FGR<\/strong> pretende utilizar para llevarlos a juicio. Las evidencias est\u00e1n integradas por <strong>siete testimonios, siete documentos y un peritaje<\/strong> aportados por la Fiscal\u00eda y la <strong>Secretar\u00eda de Hacienda y Cr\u00e9dito P\u00fablico<\/strong>.<\/p>\n\n\n\n<p class=\"wp-block-paragraph\">Un tribunal confirm\u00f3 la cancelaci\u00f3n del amparo promovido por los empresarios, quienes buscaban impedir que esas pruebas fueran incorporadas al expediente penal. Entre ellas destaca una <strong>opini\u00f3n de delito elaborada por Hacienda<\/strong>, considerada fundamental para la acusaci\u00f3n porque concluye que existen elementos suficientes para proceder contra <strong>Ren\u00e9 D\u00e1vila de la Vega<\/strong> y <strong>Ren\u00e9 D\u00e1vila D\u00edaz<\/strong>.<\/p>\n\n\n\n<p class=\"wp-block-paragraph\">La resoluci\u00f3n no impide que los acusados cuestionen posteriormente la legalidad, autenticidad o alcance de las pruebas, incluso despu\u00e9s de un eventual juicio y sentencia. Por ahora, los tribunales determinaron que su utilizaci\u00f3n dentro de la investigaci\u00f3n no vulnera sus derechos fundamentales.<\/p>\n\n\n\n<p class=\"wp-block-paragraph\">De acuerdo con la investigaci\u00f3n de la <strong>FGR<\/strong>, la empresa <strong>Corporaci\u00f3n en Asesor\u00eda Financiera (Corafi)<\/strong>, de la cual los D\u00e1vila son accionistas, recibi\u00f3 indebidamente los <strong>800 millones de pesos<\/strong> entre febrero de 2019 y junio de 2020 para adquirir certificados privados de deuda.<\/p>\n\n\n\n<p class=\"wp-block-paragraph\">La operaci\u00f3n promet\u00eda devolver los recursos p\u00fablicos con rendimientos anuales de <strong>11 por ciento<\/strong>. Sin embargo, los instrumentos financieros habr\u00edan estado respaldados por <strong>fideicomisos sin fondos<\/strong>, constituidos previamente por empresas relacionadas con los propios D\u00e1vila y sin autorizaci\u00f3n de la <strong>Comisi\u00f3n Nacional Bancaria y de Valores (CNBV)<\/strong>.<\/p>\n\n\n\n<p class=\"wp-block-paragraph\">El dinero sali\u00f3 de <strong>Segalmex<\/strong> despu\u00e9s de que <strong>Ren\u00e9 Gavira Segreste<\/strong>, entonces titular de la <strong>Unidad de Administraci\u00f3n y Finanzas<\/strong>, autorizara la utilizaci\u00f3n de recursos p\u00fablicos para comprar los certificados privados. Gavira Segreste se convirti\u00f3 posteriormente en uno de los principales exfuncionarios procesados por las irregularidades cometidas dentro del organismo.<\/p>\n\n\n\n<p class=\"wp-block-paragraph\">Seg\u00fan la acusaci\u00f3n, <strong>Segalmex<\/strong> transfiri\u00f3 el dinero al fideicomiso <strong>CIC\/3050<\/strong>, cuyo fideicomitente era <strong>Corafi<\/strong>, empresa con sede en <strong>Chiapas<\/strong>. Los recursos terminaron colocados en el mercado burs\u00e1til mediante certificados privados cuya legalidad, respaldo y destino final forman parte del expediente penal.<\/p>\n\n\n\n<figure class=\"wp-block-image size-large\"><img decoding=\"async\" width=\"1024\" height=\"646\" src=\"https:\/\/literalmex.com\/wp-content\/uploads\/2026\/04\/plata-card-1024x646.jpg\" alt=\"\" class=\"wp-image-3411\" srcset=\"https:\/\/literalmex.com\/wp-content\/uploads\/2026\/04\/plata-card-1024x646.jpg 1024w, https:\/\/literalmex.com\/wp-content\/uploads\/2026\/04\/plata-card-300x189.jpg 300w, https:\/\/literalmex.com\/wp-content\/uploads\/2026\/04\/plata-card-768x484.jpg 768w, https:\/\/literalmex.com\/wp-content\/uploads\/2026\/04\/plata-card.jpg 1080w\" sizes=\"(max-width: 1024px) 100vw, 1024px\" \/><\/figure>\n\n\n\n<p class=\"wp-block-paragraph\">La resoluci\u00f3n abre la puerta para que el caso alcance no solamente a antiguos mandos de la desaparecida <strong>Segalmex<\/strong>, sino tambi\u00e9n a particulares que presuntamente participaron en el manejo irregular de recursos p\u00fablicos. No obstante, la investigaci\u00f3n contin\u00faa avanzando de abajo hacia arriba, sin alcanzar hasta ahora a quien encabezaba el organismo.<\/p>\n\n\n\n<p class=\"wp-block-paragraph\">La actuaci\u00f3n de la <strong>FGR<\/strong> mantiene as\u00ed una contradicci\u00f3n central: persigue a empresarios que recibieron el dinero y a funcionarios que autorizaron las transferencias, pero conserva fuera de la acci\u00f3n penal a <strong>Ignacio Ovalle Fern\u00e1ndez<\/strong>, responsable pol\u00edtico y administrativo de <strong>Segalmex<\/strong> durante el periodo investigado.<\/p>\n\n\n\n<p class=\"wp-block-paragraph\">Mientras los D\u00e1vila enfrentan la posibilidad de ser llevados a juicio y <strong>Ren\u00e9 Gavira Segreste<\/strong> carga con las principales imputaciones, <strong>Ovalle Fern\u00e1ndez<\/strong> permanece sin cargos. El c\u00edrculo judicial se cierra sobre operadores y particulares, pero contin\u00faa abierto alrededor del exdirector protegido pol\u00edticamente por su cercan\u00eda con <strong>Andr\u00e9s Manuel L\u00f3pez Obrador<\/strong>.<\/p>\n","protected":false},"excerpt":{"rendered":"<p>La FGR podr\u00e1 utilizar 15 pruebas contra Ren\u00e9 D\u00e1vila de la Vega y Ren\u00e9 D\u00e1vila D\u00edaz por la inversi\u00f3n irregular de 800 millones de pesos. Mientras avanza contra empresarios y exfuncionarios, el antiguo director de Segalmex permanece intocado.<\/p>\n","protected":false},"author":1,"featured_media":4197,"comment_status":"closed","ping_status":"closed","sticky":false,"template":"","format":"standard","meta":{"twitterCardType":"","cardImageID":0,"cardImage":"","cardTitle":"","cardDesc":"","cardImageAlt":"","cardPlayer":"","cardPlayerWidth":0,"cardPlayerHeight":0,"cardPlayerStream":"","cardPlayerCodec":"","footnotes":""},"categories":[9,8],"tags":[26,467,466],"class_list":["post-4196","post","type-post","status-publish","format-standard","has-post-thumbnail","hentry","category-nacional","category-noticias","tag-amlo","tag-ignacio-ovalle","tag-segalmex"],"_links":{"self":[{"href":"https:\/\/literalmex.com\/index.php\/wp-json\/wp\/v2\/posts\/4196","targetHints":{"allow":["GET"]}}],"collection":[{"href":"https:\/\/literalmex.com\/index.php\/wp-json\/wp\/v2\/posts"}],"about":[{"href":"https:\/\/literalmex.com\/index.php\/wp-json\/wp\/v2\/types\/post"}],"author":[{"embeddable":true,"href":"https:\/\/literalmex.com\/index.php\/wp-json\/wp\/v2\/users\/1"}],"replies":[{"embeddable":true,"href":"https:\/\/literalmex.com\/index.php\/wp-json\/wp\/v2\/comments?post=4196"}],"version-history":[{"count":1,"href":"https:\/\/literalmex.com\/index.php\/wp-json\/wp\/v2\/posts\/4196\/revisions"}],"predecessor-version":[{"id":4198,"href":"https:\/\/literalmex.com\/index.php\/wp-json\/wp\/v2\/posts\/4196\/revisions\/4198"}],"wp:featuredmedia":[{"embeddable":true,"href":"https:\/\/literalmex.com\/index.php\/wp-json\/wp\/v2\/media\/4197"}],"wp:attachment":[{"href":"https:\/\/literalmex.com\/index.php\/wp-json\/wp\/v2\/media?parent=4196"}],"wp:term":[{"taxonomy":"category","embeddable":true,"href":"https:\/\/literalmex.com\/index.php\/wp-json\/wp\/v2\/categories?post=4196"},{"taxonomy":"post_tag","embeddable":true,"href":"https:\/\/literalmex.com\/index.php\/wp-json\/wp\/v2\/tags?post=4196"}],"curies":[{"name":"wp","href":"https:\/\/api.w.org\/{rel}","templated":true}]}}