{"id":4199,"date":"2026-09-01T12:58:52","date_gmt":"2026-09-01T12:58:52","guid":{"rendered":"https:\/\/literalmex.com\/?p=4199"},"modified":"2026-09-01T12:58:54","modified_gmt":"2026-09-01T12:58:54","slug":"otro-mega-apagon-exhibe-vulnerabilidad-de-la-cfe-en-red-electrica-del-sureste","status":"publish","type":"post","link":"https:\/\/literalmex.com\/index.php\/2026\/09\/01\/otro-mega-apagon-exhibe-vulnerabilidad-de-la-cfe-en-red-electrica-del-sureste\/","title":{"rendered":"Otro mega-apag\u00f3n exhibe vulnerabilidad de la CFE en red el\u00e9ctrica del sureste"},"content":{"rendered":"\n<figure class=\"wp-block-image size-full\"><a href=\"https:\/\/comunicacionsocial.diputados.gob.mx\/\"><img fetchpriority=\"high\" decoding=\"async\" width=\"728\" height=\"90\" src=\"https:\/\/literalmex.com\/wp-content\/uploads\/2026\/08\/DERECHOS-DE-AUTOR-728X90.png\" alt=\"\" class=\"wp-image-4038\" srcset=\"https:\/\/literalmex.com\/wp-content\/uploads\/2026\/08\/DERECHOS-DE-AUTOR-728X90.png 728w, https:\/\/literalmex.com\/wp-content\/uploads\/2026\/08\/DERECHOS-DE-AUTOR-728X90-300x37.png 300w\" sizes=\"(max-width: 728px) 100vw, 728px\" \/><\/a><\/figure>\n\n\n\n<p class=\"wp-block-paragraph\">Un <strong>apag\u00f3n de gran escala<\/strong> afect\u00f3 amplias zonas de <strong>Quintana Roo, Yucat\u00e1n, Campeche y Chiapas<\/strong>, provocando interrupciones en comercios, hoteles, sistemas de cobro, sem\u00e1foros y servicios esenciales. La emergencia volvi\u00f3 a exhibir la fragilidad de una red regional en la que la falla de unas cuantas l\u00edneas puede desencadenar afectaciones en cuatro estados.<\/p>\n\n\n\n<p class=\"wp-block-paragraph\">La <strong>Comisi\u00f3n Federal de Electricidad (CFE)<\/strong> confirm\u00f3 la desconexi\u00f3n de dos l\u00edneas de transmisi\u00f3n, aunque no precis\u00f3 el n\u00famero de usuarios que permanecieron sin suministro. A las 23:00 horas, la empresa estatal inform\u00f3 que apenas hab\u00eda restablecido el servicio a un <strong>12 por ciento<\/strong> de los afectados.<\/p>\n\n\n\n<p class=\"wp-block-paragraph\"><strong>Quintana Roo<\/strong> fue una de las entidades m\u00e1s golpeadas. En <strong>Canc\u00fan<\/strong>, el corte alcanz\u00f3 m\u00e1s de 20 regiones y supermanzanas en medio de temperaturas de hasta <strong>37 grados<\/strong>, lo que dej\u00f3 a miles de familias sin ventiladores, aire acondicionado ni sistemas de refrigeraci\u00f3n.<\/p>\n\n\n\n<p class=\"wp-block-paragraph\">La falta de energ\u00eda tambi\u00e9n paraliz\u00f3 los sem\u00e1foros y oblig\u00f3 a las autoridades municipales a desplegar polic\u00edas y agentes de tr\u00e1nsito para controlar la circulaci\u00f3n vehicular. Durante la noche se reforzaron los patrullajes ante el riesgo de <strong>robos y saqueos<\/strong> en comercios y zonas habitacionales.<\/p>\n\n\n\n<p class=\"wp-block-paragraph\">En <strong>Yucat\u00e1n<\/strong>, las interrupciones alcanzaron sus principales localidades. En <strong>M\u00e9rida<\/strong>, los reportes se extendieron desde el <strong>Centro Hist\u00f3rico<\/strong> hasta colonias ubicadas en la periferia, con afectaciones en viviendas, negocios y servicios.<\/p>\n\n\n\n<p class=\"wp-block-paragraph\">En <strong>Campeche<\/strong>, el apag\u00f3n impact\u00f3 el Centro Hist\u00f3rico y diversos barrios tradicionales. Comercios, restaurantes y hoteles reportaron p\u00e9rdidas debido a la imposibilidad de operar terminales bancarias, sistemas electr\u00f3nicos de cobro y equipos de conservaci\u00f3n de alimentos.<\/p>\n\n\n\n<p class=\"wp-block-paragraph\">Las afectaciones en <strong>Chiapas<\/strong> no fueron generalizadas, de acuerdo con las autoridades locales, pero s\u00ed alcanzaron comunidades de la zona norte y regiones conectadas con el sistema el\u00e9ctrico peninsular.<\/p>\n\n\n\n<p class=\"wp-block-paragraph\">La contingencia ocurri\u00f3 en un contexto de <strong>alta demanda de energ\u00eda<\/strong>. Seg\u00fan datos del <strong>Centro Nacional de Control de Energ\u00eda (Cenace)<\/strong>, alrededor de las 16:00 horas el consumo comenz\u00f3 a superar el pron\u00f3stico previsto para la jornada.<\/p>\n\n\n\n<figure class=\"wp-block-image size-large\"><img decoding=\"async\" width=\"1024\" height=\"646\" src=\"https:\/\/literalmex.com\/wp-content\/uploads\/2026\/04\/plata-card-1024x646.jpg\" alt=\"\" class=\"wp-image-3411\" srcset=\"https:\/\/literalmex.com\/wp-content\/uploads\/2026\/04\/plata-card-1024x646.jpg 1024w, https:\/\/literalmex.com\/wp-content\/uploads\/2026\/04\/plata-card-300x189.jpg 300w, https:\/\/literalmex.com\/wp-content\/uploads\/2026\/04\/plata-card-768x484.jpg 768w, https:\/\/literalmex.com\/wp-content\/uploads\/2026\/04\/plata-card.jpg 1080w\" sizes=\"(max-width: 1024px) 100vw, 1024px\" \/><\/figure>\n\n\n\n<p class=\"wp-block-paragraph\">Entre las 16:00 y las 19:00 horas, la demanda pas\u00f3 de <strong>2 mil 575 a 2 mil 649 megawatts<\/strong>, con lo que super\u00f3 en m\u00e1s de <strong>800 megawatts la generaci\u00f3n neta disponible<\/strong> y en m\u00e1s de 100 megawatts la demanda calculada inicialmente.<\/p>\n\n\n\n<p class=\"wp-block-paragraph\">Este desequilibrio incrementa la presi\u00f3n sobre una infraestructura que ya ha presentado fallas de alcance regional. En septiembre del a\u00f1o pasado, trabajos de mantenimiento en l\u00edneas de alta tensi\u00f3n instaladas en torres de <strong>400 kilovoltios<\/strong>, con capacidad para transmitir <strong>2 mil 174 megawatts<\/strong>, dejaron sin electricidad a m\u00e1s de <strong>2 millones de habitantes de la Pen\u00ednsula de Yucat\u00e1n<\/strong>.<\/p>\n\n\n\n<p class=\"wp-block-paragraph\"><strong>Arturo Carranza<\/strong>, especialista en energ\u00eda, plante\u00f3 que el nuevo apag\u00f3n pudo estar relacionado con el aumento de las temperaturas o con una falla en la nueva central. Las jornadas de calor extremo elevan considerablemente el consumo el\u00e9ctrico por el uso intensivo de sistemas de refrigeraci\u00f3n y aire acondicionado.<\/p>\n\n\n\n<p class=\"wp-block-paragraph\">Horas despu\u00e9s de iniciada la contingencia, la <strong>CFE<\/strong> inform\u00f3 que sus trabajadores hab\u00edan localizado da\u00f1os en parte de la infraestructura de transmisi\u00f3n.<\/p>\n\n\n\n<p class=\"wp-block-paragraph\"><em>\u201cPersonal de CFE ha arribado al lugar para reemplazar los aisladores que se encontraron da\u00f1ados\u201d<\/em>, explic\u00f3 la empresa estatal a las 23:00 horas.<\/p>\n\n\n\n<p class=\"wp-block-paragraph\">Sin embargo, la desconexi\u00f3n de \u00fanicamente dos l\u00edneas y la extensi\u00f3n de los cortes volvieron a colocar bajo cuestionamiento la capacidad de respuesta y redundancia del sistema el\u00e9ctrico regional. Una red suficientemente robusta deber\u00eda contar con rutas alternativas para reducir el impacto de una falla y evitar que el problema se propague entre varias entidades.<\/p>\n\n\n\n<p class=\"wp-block-paragraph\"><strong>Rams\u00e9s Pech<\/strong>, socio de <strong>Caravia y Asociados<\/strong>, advirti\u00f3 que el alcance del apag\u00f3n representa una se\u00f1al clara sobre las debilidades estructurales del sistema. Cuando la salida de operaci\u00f3n de unas cuantas l\u00edneas provoca afectaciones simult\u00e1neas en varios estados, sostuvo, queda demostrada la <strong>vulnerabilidad de la red el\u00e9ctrica del sureste mexicano<\/strong>.<\/p>\n","protected":false},"excerpt":{"rendered":"<p>La desconexi\u00f3n de dos l\u00edneas de transmisi\u00f3n dej\u00f3 sin energ\u00eda amplias zonas de Quintana Roo, Yucat\u00e1n, Campeche y Chiapas. La demanda super\u00f3 por m\u00e1s de 800 megawatts la generaci\u00f3n disponible.<\/p>\n","protected":false},"author":1,"featured_media":4200,"comment_status":"closed","ping_status":"closed","sticky":false,"template":"","format":"standard","meta":{"twitterCardType":"","cardImageID":0,"cardImage":"","cardTitle":"","cardDesc":"","cardImageAlt":"","cardPlayer":"","cardPlayerWidth":0,"cardPlayerHeight":0,"cardPlayerStream":"","cardPlayerCodec":"","footnotes":""},"categories":[9,8],"tags":[1303,597,51,103,1433,612,1432],"class_list":["post-4199","post","type-post","status-publish","format-standard","has-post-thumbnail","hentry","category-nacional","category-noticias","tag-apagon","tag-campeche","tag-cfe","tag-chiapas","tag-comision-federal-de-electricidad","tag-quintana-roo","tag-yucatan"],"_links":{"self":[{"href":"https:\/\/literalmex.com\/index.php\/wp-json\/wp\/v2\/posts\/4199","targetHints":{"allow":["GET"]}}],"collection":[{"href":"https:\/\/literalmex.com\/index.php\/wp-json\/wp\/v2\/posts"}],"about":[{"href":"https:\/\/literalmex.com\/index.php\/wp-json\/wp\/v2\/types\/post"}],"author":[{"embeddable":true,"href":"https:\/\/literalmex.com\/index.php\/wp-json\/wp\/v2\/users\/1"}],"replies":[{"embeddable":true,"href":"https:\/\/literalmex.com\/index.php\/wp-json\/wp\/v2\/comments?post=4199"}],"version-history":[{"count":1,"href":"https:\/\/literalmex.com\/index.php\/wp-json\/wp\/v2\/posts\/4199\/revisions"}],"predecessor-version":[{"id":4201,"href":"https:\/\/literalmex.com\/index.php\/wp-json\/wp\/v2\/posts\/4199\/revisions\/4201"}],"wp:featuredmedia":[{"embeddable":true,"href":"https:\/\/literalmex.com\/index.php\/wp-json\/wp\/v2\/media\/4200"}],"wp:attachment":[{"href":"https:\/\/literalmex.com\/index.php\/wp-json\/wp\/v2\/media?parent=4199"}],"wp:term":[{"taxonomy":"category","embeddable":true,"href":"https:\/\/literalmex.com\/index.php\/wp-json\/wp\/v2\/categories?post=4199"},{"taxonomy":"post_tag","embeddable":true,"href":"https:\/\/literalmex.com\/index.php\/wp-json\/wp\/v2\/tags?post=4199"}],"curies":[{"name":"wp","href":"https:\/\/api.w.org\/{rel}","templated":true}]}}