{"id":4202,"date":"2026-09-01T18:43:56","date_gmt":"2026-09-01T18:43:56","guid":{"rendered":"https:\/\/literalmex.com\/?p=4202"},"modified":"2026-09-01T18:59:51","modified_gmt":"2026-09-01T18:59:51","slug":"sheinbaum-exige-austeridad-ante-a-lujos-y-excesos-frente-a-mara-lezama","status":"publish","type":"post","link":"https:\/\/literalmex.com\/index.php\/2026\/09\/01\/sheinbaum-exige-austeridad-ante-a-lujos-y-excesos-frente-a-mara-lezama\/","title":{"rendered":"Sheinbaum exige austeridad ante a lujos y excesos, frente a Mara Lezama"},"content":{"rendered":"\n<figure class=\"wp-block-image size-full\"><a href=\"https:\/\/comunicacionsocial.diputados.gob.mx\/\"><img fetchpriority=\"high\" decoding=\"async\" width=\"728\" height=\"90\" src=\"https:\/\/literalmex.com\/wp-content\/uploads\/2026\/08\/DERECHOS-DE-AUTOR-728X90.png\" alt=\"\" class=\"wp-image-4038\" srcset=\"https:\/\/literalmex.com\/wp-content\/uploads\/2026\/08\/DERECHOS-DE-AUTOR-728X90.png 728w, https:\/\/literalmex.com\/wp-content\/uploads\/2026\/08\/DERECHOS-DE-AUTOR-728X90-300x37.png 300w\" sizes=\"(max-width: 728px) 100vw, 728px\" \/><\/a><\/figure>\n\n\n\n<p class=\"wp-block-paragraph\">La <strong>austeridad republicana<\/strong> volvi\u00f3 al centro del discurso presidencial, pero esta vez como una advertencia dirigida hacia el interior de la propia <strong>Cuarta Transformaci\u00f3n<\/strong>, donde los viajes privados, las vacaciones en destinos exclusivos y la exhibici\u00f3n de veh\u00edculos millonarios han comenzado a erosionar una de sus principales banderas pol\u00edticas.<\/p>\n\n\n\n<p class=\"wp-block-paragraph\">Al abrir su <strong>Segundo Informe de Gobierno<\/strong> ante unos 300 invitados reunidos en <strong>Palacio Nacional<\/strong>, entre ellos gobernadores y los nuevos ministros de la <strong>Suprema Corte de Justicia de la Naci\u00f3n<\/strong>, la Presidenta <strong>Claudia Sheinbaum<\/strong> pidi\u00f3 a quienes ocupan cargos p\u00fablicos conducirse con responsabilidad, sencillez y humildad.<\/p>\n\n\n\n<p class=\"wp-block-paragraph\"><em>\u201cLos servidores p\u00fablicos tenemos la obligaci\u00f3n de comportarnos con profunda responsabilidad, pero al mismo tiempo con sencillez y humildad\u201d<\/em>, advirti\u00f3.<\/p>\n\n\n\n<p class=\"wp-block-paragraph\">La Mandataria sostuvo que, antes de la llegada de la <strong>Cuarta Transformaci\u00f3n<\/strong>, el Gobierno se hab\u00eda alejado de las necesidades de la mayor\u00eda y destinaba el dinero p\u00fablico a beneficiar privilegios particulares. Sin embargo, su mensaje adquiri\u00f3 un significado inevitablemente autocr\u00edtico ante los casos de ostentaci\u00f3n protagonizados por pol\u00edticos y aliados del movimiento gobernante.<\/p>\n\n\n\n<p class=\"wp-block-paragraph\"><em>\u201cSe utilizaban los recursos p\u00fablicos para excentricidades y lujos y se gobernaba para unos pocos. Eso termin\u00f3 con la llegada de la Cuarta Transformaci\u00f3n y, lo digo claro, debe continuar de esa manera\u201d<\/em>, afirm\u00f3.<\/p>\n\n\n\n<figure class=\"wp-block-embed is-type-rich is-provider-x wp-block-embed-x\"><div class=\"wp-block-embed__wrapper\">\n<blockquote class=\"twitter-tweet\" data-width=\"550\" data-dnt=\"true\"><p lang=\"es\" dir=\"ltr\">\u201cSUPER HELIC\u00d3PTERO\u201d DE MARA LEZAMA COST\u00d3 3.5 VECES M\u00c1S, 440 millones<br><br>El proveedor tiene otros datos: <br>El Gobierno de Quintana Roo present\u00f3 la aeronave como propiedad estatal, pero PABE-TAX afirma que s\u00f3lo administra un servicio a\u00e9reo contratado para tareas de seguridad p\u00fablica\u2026 <a href=\"https:\/\/t.co\/eudpL2i14l\">pic.twitter.com\/eudpL2i14l<\/a><\/p>&mdash; Literal M\u00e9xico (@literalmexico) <a href=\"https:\/\/x.com\/literalmexico\/status\/2094065396269609286?ref_src=twsrc%5Etfw\">August 30, 2026<\/a><\/blockquote><script async src=\"https:\/\/platform.x.com\/widgets.js\" charset=\"utf-8\"><\/script>\n<\/div><\/figure>\n\n\n\n<p class=\"wp-block-paragraph\">El llamado fue pronunciado frente a la Gobernadora morenista de <strong>Quintana Roo<\/strong>, <strong>Mara Lezama<\/strong>, despu\u00e9s de que  se revelaron que registros migratorios y aeron\u00e1uticos de <strong>Estados Unidos<\/strong> documentan <strong>119 movimientos internacionales<\/strong> vinculados con la Mandataria, de los cuales <strong>97 estar\u00edan relacionados con vuelos privados<\/strong>.<\/p>\n\n\n\n<p class=\"wp-block-paragraph\"><strong>Lezama<\/strong> reconoci\u00f3 haber utilizado aeronaves particulares, aunque neg\u00f3 que los traslados fueran cubiertos con recursos p\u00fablicos. Argument\u00f3 que algunos vuelos fueron pagados por empresarios y rechaz\u00f3 que los 97 movimientos registrados equivalieran al mismo n\u00famero de viajes. Su explicaci\u00f3n, sin embargo, abri\u00f3 otro cuestionamiento sobre la relaci\u00f3n entre gobernantes y particulares que financian traslados de alto costo.<\/p>\n\n\n\n<figure class=\"wp-block-embed is-type-rich is-provider-x wp-block-embed-x\"><div class=\"wp-block-embed__wrapper\">\n<blockquote class=\"twitter-tweet\" data-width=\"550\" data-dnt=\"true\"><p lang=\"es\" dir=\"ltr\">LOS 97 VUELOS PRIVADOS DE MARA LEZAMA \u00a1Otro golpe para Claudia Sheinbaum..!<br><br>La presidenta no sale de Rocha Moya cuando le estalla otro esc\u00e1ndalo en Quintana Roo con su gobernadora<br><br>97 vuelos privados de <a href=\"https:\/\/x.com\/MaraLezama?ref_src=twsrc%5Etfw\">@MaraLezama<\/a> registrados en la autoridad aeroportuaria de Estados Unidos,\u2026 <a href=\"https:\/\/t.co\/XmaceB9uFu\">pic.twitter.com\/XmaceB9uFu<\/a><\/p>&mdash; Literal M\u00e9xico (@literalmexico) <a href=\"https:\/\/x.com\/literalmexico\/status\/2092058023912997099?ref_src=twsrc%5Etfw\">August 25, 2026<\/a><\/blockquote><script async src=\"https:\/\/platform.x.com\/widgets.js\" charset=\"utf-8\"><\/script>\n<\/div><\/figure>\n\n\n\n<p class=\"wp-block-paragraph\">La advertencia presidencial tambi\u00e9n alcanz\u00f3 pol\u00edticamente a <strong>Andr\u00e9s Manuel L\u00f3pez Beltr\u00e1n<\/strong>, hijo del ex Presidente <strong>Andr\u00e9s Manuel L\u00f3pez Obrador<\/strong> y figura ascendente de <strong>Morena<\/strong>, quien fue fotografiado durante unas vacaciones en <strong>Tokio<\/strong>, hospedado en el exclusivo <strong>hotel Okura<\/strong> y al salir de una tienda <strong>Prada<\/strong>.<\/p>\n\n\n\n<p class=\"wp-block-paragraph\">Conocido como <strong>\u201cAndy\u201d<\/strong>, L\u00f3pez Beltr\u00e1n sostuvo que el viaje fue cubierto con recursos propios. No obstante, volvi\u00f3 a quedar bajo escrutinio en agosto, cuando fue captado en un restaurante de la <strong>Condesa<\/strong>, donde se report\u00f3 el consumo de una botella de vino <strong>Sassicaia<\/strong> con un precio superior a los <strong>16 mil pesos<\/strong>.<\/p>\n\n\n\n<p class=\"wp-block-paragraph\">A esos episodios se suma el caso de <strong>Antonio \u201cTony\u201d Flores<\/strong>, diputado local del <strong>Partido del Trabajo<\/strong> en <strong>Coahuila<\/strong> y aliado de <strong>Morena<\/strong>, quien ha exhibido en redes sociales veh\u00edculos <strong>Lamborghini<\/strong>, incluido uno valuado en m\u00e1s de <strong>7 millones de pesos<\/strong>. Aunque la procedencia de los bienes pueda ubicarse en el patrimonio privado, su ostentaci\u00f3n contrasta con el discurso de moderaci\u00f3n que sostiene la coalici\u00f3n gobernante.<\/p>\n\n\n\n<p class=\"wp-block-paragraph\">Las palabras de <strong>Sheinbaum<\/strong> tambi\u00e9n fueron escuchadas por los ministros de la <strong>Suprema Corte<\/strong> presentes en <strong>Palacio Nacional<\/strong>. La propia Presidenta hab\u00eda cuestionado previamente la adquisici\u00f3n de veh\u00edculos para integrantes del M\u00e1ximo Tribunal y la intenci\u00f3n de contratar, con recursos p\u00fablicos, seguros de gastos m\u00e9dicos mayores para 2027.<\/p>\n\n\n\n<figure class=\"wp-block-image size-large\"><img decoding=\"async\" width=\"1024\" height=\"646\" src=\"https:\/\/literalmex.com\/wp-content\/uploads\/2026\/04\/plata-card-1024x646.jpg\" alt=\"\" class=\"wp-image-3411\" srcset=\"https:\/\/literalmex.com\/wp-content\/uploads\/2026\/04\/plata-card-1024x646.jpg 1024w, https:\/\/literalmex.com\/wp-content\/uploads\/2026\/04\/plata-card-300x189.jpg 300w, https:\/\/literalmex.com\/wp-content\/uploads\/2026\/04\/plata-card-768x484.jpg 768w, https:\/\/literalmex.com\/wp-content\/uploads\/2026\/04\/plata-card.jpg 1080w\" sizes=\"(max-width: 1024px) 100vw, 1024px\" \/><\/figure>\n\n\n\n<p class=\"wp-block-paragraph\">El mensaje presidencial coloc\u00f3 as\u00ed una l\u00ednea pol\u00edtica para su Gobierno: la austeridad no puede reducirse a demostrar que un lujo fue pagado con dinero privado. Para conservar autoridad frente a una poblaci\u00f3n a la que se exige moderaci\u00f3n, los integrantes de la <strong>Cuarta Transformaci\u00f3n<\/strong> tambi\u00e9n deber\u00e1n cuidar la congruencia entre su conducta, sus relaciones con empresarios y el discurso con el que prometieron terminar con los privilegios del poder.<\/p>\n","protected":false},"excerpt":{"rendered":"<p>La Presidenta llam\u00f3 a gobernar con sencillez y humildad ante la gobernadora de Quintana Roo, Mara Lezama, ministros de la Corte y representantes de una transformaci\u00f3n cuestionada por viajes y vuelos privados, autos de lujo y gastos innecesarios.<\/p>\n","protected":false},"author":1,"featured_media":4203,"comment_status":"closed","ping_status":"closed","sticky":false,"template":"","format":"standard","meta":{"twitterCardType":"","cardImageID":0,"cardImage":"","cardTitle":"","cardDesc":"","cardImageAlt":"","cardPlayer":"","cardPlayerWidth":0,"cardPlayerHeight":0,"cardPlayerStream":"","cardPlayerCodec":"","footnotes":""},"categories":[9,8],"tags":[1434,129,260,680,1419,612],"class_list":["post-4202","post","type-post","status-publish","format-standard","has-post-thumbnail","hentry","category-nacional","category-noticias","tag-avion-privado","tag-claudia-sheinbaum","tag-corrupcion","tag-informe","tag-mara-lezama","tag-quintana-roo"],"_links":{"self":[{"href":"https:\/\/literalmex.com\/index.php\/wp-json\/wp\/v2\/posts\/4202","targetHints":{"allow":["GET"]}}],"collection":[{"href":"https:\/\/literalmex.com\/index.php\/wp-json\/wp\/v2\/posts"}],"about":[{"href":"https:\/\/literalmex.com\/index.php\/wp-json\/wp\/v2\/types\/post"}],"author":[{"embeddable":true,"href":"https:\/\/literalmex.com\/index.php\/wp-json\/wp\/v2\/users\/1"}],"replies":[{"embeddable":true,"href":"https:\/\/literalmex.com\/index.php\/wp-json\/wp\/v2\/comments?post=4202"}],"version-history":[{"count":4,"href":"https:\/\/literalmex.com\/index.php\/wp-json\/wp\/v2\/posts\/4202\/revisions"}],"predecessor-version":[{"id":4208,"href":"https:\/\/literalmex.com\/index.php\/wp-json\/wp\/v2\/posts\/4202\/revisions\/4208"}],"wp:featuredmedia":[{"embeddable":true,"href":"https:\/\/literalmex.com\/index.php\/wp-json\/wp\/v2\/media\/4203"}],"wp:attachment":[{"href":"https:\/\/literalmex.com\/index.php\/wp-json\/wp\/v2\/media?parent=4202"}],"wp:term":[{"taxonomy":"category","embeddable":true,"href":"https:\/\/literalmex.com\/index.php\/wp-json\/wp\/v2\/categories?post=4202"},{"taxonomy":"post_tag","embeddable":true,"href":"https:\/\/literalmex.com\/index.php\/wp-json\/wp\/v2\/tags?post=4202"}],"curies":[{"name":"wp","href":"https:\/\/api.w.org\/{rel}","templated":true}]}}