{"id":4212,"date":"2026-09-02T16:44:42","date_gmt":"2026-09-02T16:44:42","guid":{"rendered":"https:\/\/literalmex.com\/?p=4212"},"modified":"2026-09-02T16:45:47","modified_gmt":"2026-09-02T16:45:47","slug":"atacan-y-hieren-a-balazos-al-director-de-proteccion-civil-de-mazatlan","status":"publish","type":"post","link":"https:\/\/literalmex.com\/index.php\/2026\/09\/02\/atacan-y-hieren-a-balazos-al-director-de-proteccion-civil-de-mazatlan\/","title":{"rendered":"Atacan y hieren a balazos al director de Protecci\u00f3n Civil de Mazatl\u00e1n"},"content":{"rendered":"\n<figure class=\"wp-block-image size-full\"><a href=\"https:\/\/comunicacionsocial.diputados.gob.mx\/\"><img fetchpriority=\"high\" decoding=\"async\" width=\"728\" height=\"90\" src=\"https:\/\/literalmex.com\/wp-content\/uploads\/2026\/08\/DERECHOS-DE-AUTOR-728X90.png\" alt=\"\" class=\"wp-image-4038\" srcset=\"https:\/\/literalmex.com\/wp-content\/uploads\/2026\/08\/DERECHOS-DE-AUTOR-728X90.png 728w, https:\/\/literalmex.com\/wp-content\/uploads\/2026\/08\/DERECHOS-DE-AUTOR-728X90-300x37.png 300w\" sizes=\"(max-width: 728px) 100vw, 728px\" \/><\/a><\/figure>\n\n\n\n<p class=\"wp-block-paragraph\"><strong>\u00d3scar Roberto Osuna Tirado<\/strong>, director de <strong>Protecci\u00f3n Civil de Mazatl\u00e1n<\/strong>, fue atacado a balazos la ma\u00f1ana de este mi\u00e9rcoles 2 de septiembre cuando circulaba en una unidad oficial por la <strong>avenida Guti\u00e9rrez N\u00e1jera<\/strong>, en la colonia <strong>Montuosa<\/strong>.<\/p>\n\n\n\n<p class=\"wp-block-paragraph\">La agresi\u00f3n ocurri\u00f3 minutos antes de las 8:00 horas, entre las calles <strong>Alejandro Quijano<\/strong> y <strong>Gabriel Leyva<\/strong>, una zona urbana donde el atentado desat\u00f3 una intensa movilizaci\u00f3n de polic\u00edas y elementos de distintas corporaciones de seguridad.<\/p>\n\n\n\n<p class=\"wp-block-paragraph\">Seg\u00fan los primeros reportes, el funcionario municipal viajaba acompa\u00f1ado por otro integrante de Protecci\u00f3n Civil, identificado como <strong>Ra\u00fal \u201cN\u201d<\/strong>, quien conduc\u00eda el veh\u00edculo. En ese punto fueron interceptados por sujetos armados que dispararon contra la unidad.<\/p>\n\n\n\n<p class=\"wp-block-paragraph\"><strong>Osuna Tirado result\u00f3 herido<\/strong> y fue trasladado a un hospital para recibir atenci\u00f3n m\u00e9dica. La informaci\u00f3n preliminar indica que se encontraba <strong>consciente y estable<\/strong> despu\u00e9s de la agresi\u00f3n.<\/p>\n\n\n\n<p class=\"wp-block-paragraph\">Aunque la <strong>Secretar\u00eda de Seguridad P\u00fablica del Estado (SSPE)<\/strong> inform\u00f3 inicialmente que dos personas hab\u00edan resultado lesionadas, la cobertura realizada en el lugar por <strong>Noroeste<\/strong> estableci\u00f3 que el acompa\u00f1ante del director sali\u00f3 ileso.<\/p>\n\n\n\n<p class=\"wp-block-paragraph\"><em>\u201cSe reportan dos personas lesionadas, quienes ya reciben atenci\u00f3n m\u00e9dica, entre ellas el Director de Protecci\u00f3n Civil de Mazatl\u00e1n. Las corporaciones de seguridad se encuentran en la avenida Guti\u00e9rrez N\u00e1jera, en el sector Montuosa, brindando atenci\u00f3n\u201d<\/em>, comunic\u00f3 originalmente la dependencia estatal.<\/p>\n\n\n\n<p class=\"wp-block-paragraph\">Despu\u00e9s del atentado, el <strong>Grupo Interinstitucional<\/strong> despleg\u00f3 una fuerza de reacci\u00f3n y mantuvo bajo vigilancia el sector mientras se realizaban las primeras diligencias. Hasta el momento, las autoridades no han informado sobre personas detenidas ni han establecido p\u00fablicamente el m\u00f3vil de la agresi\u00f3n.<\/p>\n\n\n\n<figure class=\"wp-block-image size-large\"><img decoding=\"async\" width=\"1024\" height=\"646\" src=\"https:\/\/literalmex.com\/wp-content\/uploads\/2026\/04\/plata-card-1024x646.jpg\" alt=\"\" class=\"wp-image-3411\" srcset=\"https:\/\/literalmex.com\/wp-content\/uploads\/2026\/04\/plata-card-1024x646.jpg 1024w, https:\/\/literalmex.com\/wp-content\/uploads\/2026\/04\/plata-card-300x189.jpg 300w, https:\/\/literalmex.com\/wp-content\/uploads\/2026\/04\/plata-card-768x484.jpg 768w, https:\/\/literalmex.com\/wp-content\/uploads\/2026\/04\/plata-card.jpg 1080w\" sizes=\"(max-width: 1024px) 100vw, 1024px\" \/><\/figure>\n\n\n\n<p class=\"wp-block-paragraph\">El ataque contra un funcionario encargado de atender emergencias y coordinar acciones de protecci\u00f3n a la poblaci\u00f3n se produce en medio de la <strong>prolongada crisis de violencia que enfrenta Sinaloa<\/strong>, donde las agresiones armadas han alcanzado tanto a integrantes de corporaciones p\u00fablicas como a funcionarios y civiles.<\/p>\n\n\n\n<p class=\"wp-block-paragraph\">La autoridad municipal tampoco ha proporcionado informaci\u00f3n adicional sobre posibles amenazas previas contra <strong>\u00d3scar Roberto Osuna Tirado<\/strong>. Las investigaciones deber\u00e1n determinar si el atentado estuvo relacionado con sus funciones p\u00fablicas o si respondi\u00f3 a otra circunstancia.<\/p>\n\n\n\n<p class=\"wp-block-paragraph\">La zona permaneci\u00f3 acordonada y vigilada por las fuerzas de seguridad, mientras las autoridades recababan indicios y buscaban establecer la ruta utilizada por los responsables para escapar.<\/p>\n","protected":false},"excerpt":{"rendered":"<p>\u00d3scar Roberto Osuna Tirado fue herido cuando circulaba en una unidad oficial por la colonia Montuosa. El atentado provoc\u00f3 un amplio despliegue de fuerzas de seguridad.<\/p>\n","protected":false},"author":1,"featured_media":4213,"comment_status":"closed","ping_status":"closed","sticky":false,"template":"","format":"standard","meta":{"twitterCardType":"","cardImageID":0,"cardImage":"","cardTitle":"","cardDesc":"","cardImageAlt":"","cardPlayer":"","cardPlayerWidth":0,"cardPlayerHeight":0,"cardPlayerStream":"","cardPlayerCodec":"","footnotes":""},"categories":[9,8],"tags":[283,1436,1437,275],"class_list":["post-4212","post","type-post","status-publish","format-standard","has-post-thumbnail","hentry","category-nacional","category-noticias","tag-mazatlan","tag-oscar-roberto-osuna-tirado","tag-proteccion-civil","tag-sinaloa"],"_links":{"self":[{"href":"https:\/\/literalmex.com\/index.php\/wp-json\/wp\/v2\/posts\/4212","targetHints":{"allow":["GET"]}}],"collection":[{"href":"https:\/\/literalmex.com\/index.php\/wp-json\/wp\/v2\/posts"}],"about":[{"href":"https:\/\/literalmex.com\/index.php\/wp-json\/wp\/v2\/types\/post"}],"author":[{"embeddable":true,"href":"https:\/\/literalmex.com\/index.php\/wp-json\/wp\/v2\/users\/1"}],"replies":[{"embeddable":true,"href":"https:\/\/literalmex.com\/index.php\/wp-json\/wp\/v2\/comments?post=4212"}],"version-history":[{"count":2,"href":"https:\/\/literalmex.com\/index.php\/wp-json\/wp\/v2\/posts\/4212\/revisions"}],"predecessor-version":[{"id":4215,"href":"https:\/\/literalmex.com\/index.php\/wp-json\/wp\/v2\/posts\/4212\/revisions\/4215"}],"wp:featuredmedia":[{"embeddable":true,"href":"https:\/\/literalmex.com\/index.php\/wp-json\/wp\/v2\/media\/4213"}],"wp:attachment":[{"href":"https:\/\/literalmex.com\/index.php\/wp-json\/wp\/v2\/media?parent=4212"}],"wp:term":[{"taxonomy":"category","embeddable":true,"href":"https:\/\/literalmex.com\/index.php\/wp-json\/wp\/v2\/categories?post=4212"},{"taxonomy":"post_tag","embeddable":true,"href":"https:\/\/literalmex.com\/index.php\/wp-json\/wp\/v2\/tags?post=4212"}],"curies":[{"name":"wp","href":"https:\/\/api.w.org\/{rel}","templated":true}]}}