{"id":4219,"date":"2026-09-04T16:15:02","date_gmt":"2026-09-04T16:15:02","guid":{"rendered":"https:\/\/literalmex.com\/?p=4219"},"modified":"2026-09-04T16:15:03","modified_gmt":"2026-09-04T16:15:03","slug":"amilcar-olan-amigo-de-andy-busco-amparo-ante-el-temor-de-ser-detenido-por-la-fgr","status":"publish","type":"post","link":"https:\/\/literalmex.com\/index.php\/2026\/09\/04\/amilcar-olan-amigo-de-andy-busco-amparo-ante-el-temor-de-ser-detenido-por-la-fgr\/","title":{"rendered":"Am\u00edlcar Ol\u00e1n, amigo de Andy, busc\u00f3 amparo ante el temor de ser detenido por la FGR"},"content":{"rendered":"\n<p class=\"wp-block-paragraph\"><strong>Jorge Am\u00edlcar Ol\u00e1n Aparicio<\/strong>, empresario tabasque\u00f1o, amigo de <strong>Andr\u00e9s Manuel L\u00f3pez Beltr\u00e1n<\/strong>, y presunto prestanombre, recurri\u00f3 a la justicia federal ante el temor de ser detenido, despu\u00e9s de que personas con uniformes de la <strong>Fiscal\u00eda General de la Rep\u00fablica (FGR)<\/strong> y vestimenta militar presuntamente rondaron y fotografiaron su domicilio en la <strong>Ciudad de M\u00e9xico<\/strong>.<\/p>\n\n\n\n<p class=\"wp-block-paragraph\">El episodio habr\u00eda ocurrido el <strong>3 de marzo de 2026<\/strong> en la privada donde reside. Seg\u00fan relat\u00f3 en su demanda de garant\u00edas, la presencia de los uniformados le hizo suponer que exist\u00eda la intenci\u00f3n de aprehenderlo.<\/p>\n\n\n\n<p class=\"wp-block-paragraph\"><em>\u201cEl 3 de marzo de 2026, me informaron que varios sujetos uniformados como polic\u00edas con distintivos de la FGR en compa\u00f1\u00eda de otros con uniformes tipo militar y armados estuvieron rondando el domicilio, tomando fotograf\u00edas\u201d<\/em>, expuso en el recurso judicial.<\/p>\n\n\n\n<p class=\"wp-block-paragraph\">Ante el temor de una presunta <strong>\u201ccacer\u00eda\u201d<\/strong>, <strong>Ol\u00e1n Aparicio<\/strong> promovi\u00f3 el amparo el <strong>23 de marzo<\/strong>. El procedimiento tuvo las caracter\u00edsticas de lo que com\u00fanmente se conoce como un <strong>\u201camparo buscador\u201d<\/strong>, utilizado para solicitar que distintas autoridades informen si existe una orden de aprehensi\u00f3n o alg\u00fan acto que pueda afectar la libertad del promovente.<\/p>\n\n\n\n<p class=\"wp-block-paragraph\">El <strong>juez Primero de Distrito en Materia Penal, Carlos Alberto Rico<\/strong>, requiri\u00f3 informaci\u00f3n a distintas \u00e1reas de la <strong>FGR<\/strong>, fiscal\u00edas especializadas y autoridades penitenciarias. Las dependencias consultadas negaron la existencia de la orden reclamada, por lo que el juzgador <strong>sobresey\u00f3 el juicio el 28 de mayo<\/strong>.<\/p>\n\n\n\n<p class=\"wp-block-paragraph\">La resoluci\u00f3n significa que, en el momento en que las autoridades rindieron sus informes, <strong>no reconocieron tener una orden de aprehensi\u00f3n contra Jorge Am\u00edlcar Ol\u00e1n Aparicio<\/strong>. Sin embargo, el sobreseimiento no constituye una declaraci\u00f3n de inocencia ni descarta la existencia de investigaciones, expedientes en integraci\u00f3n o una posible orden emitida posteriormente.<\/p>\n\n\n\n<p class=\"wp-block-paragraph\">El movimiento judicial adquiere relevancia por los se\u00f1alamientos que rodean al empresario y a compa\u00f1\u00edas relacionadas con su entorno. <strong>Portacelis Gas and Oil<\/strong>, empresa vinculada con operadores de confianza de <strong>Ol\u00e1n Aparicio<\/strong>, ha sido se\u00f1alada por presuntas irregularidades en la importaci\u00f3n de combustibles.<\/p>\n\n\n\n<p class=\"wp-block-paragraph\">De acuerdo con reportes period\u00edsticos, la <strong>Secretar\u00eda de Hacienda y Cr\u00e9dito P\u00fablico (SHCP)<\/strong>, por medio del <strong>Servicio de Administraci\u00f3n Tributaria (SAT)<\/strong>, present\u00f3 ante la <strong>FGR<\/strong> una declaratoria de perjuicio por un presunto da\u00f1o fiscal superior a <strong>834 millones de pesos<\/strong>. La acusaci\u00f3n se relaciona con informaci\u00f3n supuestamente falsa asentada en <strong>139 pedimentos de importaci\u00f3n<\/strong>, correspondientes a cargamentos ingresados entre febrero y junio de 2025.<\/p>\n\n\n\n<figure class=\"wp-block-image size-large\"><img fetchpriority=\"high\" decoding=\"async\" width=\"1024\" height=\"646\" src=\"https:\/\/literalmex.com\/wp-content\/uploads\/2026\/04\/plata-card-1024x646.jpg\" alt=\"\" class=\"wp-image-3411\" srcset=\"https:\/\/literalmex.com\/wp-content\/uploads\/2026\/04\/plata-card-1024x646.jpg 1024w, https:\/\/literalmex.com\/wp-content\/uploads\/2026\/04\/plata-card-300x189.jpg 300w, https:\/\/literalmex.com\/wp-content\/uploads\/2026\/04\/plata-card-768x484.jpg 768w, https:\/\/literalmex.com\/wp-content\/uploads\/2026\/04\/plata-card.jpg 1080w\" sizes=\"(max-width: 1024px) 100vw, 1024px\" \/><\/figure>\n\n\n\n<p class=\"wp-block-paragraph\">Investigaciones de <strong>Mexicanos Contra la Corrupci\u00f3n y la Impunidad (MCCI)<\/strong> tambi\u00e9n han documentado que <strong>Portacelis Gas and Oil<\/strong> recibi\u00f3 combustible de <strong>Ikon Midstream<\/strong>, compa\u00f1\u00eda estadounidense investigada por autoridades de M\u00e9xico y Estados Unidos dentro de indagatorias sobre presunto <strong>huachicol fiscal<\/strong>.<\/p>\n\n\n\n<p class=\"wp-block-paragraph\">El v\u00ednculo empresarial se estableci\u00f3 a trav\u00e9s de <strong>Juan Carlos de la Cruz Murillo<\/strong>, identificado como operador de confianza de <strong>Am\u00edlcar Ol\u00e1n<\/strong> y quien figur\u00f3 como administrador \u00fanico de <strong>Portacelis Gas and Oil<\/strong>. El mismo nombre aparece en documentos corporativos de <strong>Romedic<\/strong>, empresa relacionada con Ol\u00e1n que obtuvo contratos para el suministro de medicamentos, as\u00ed como en <strong>Poyago<\/strong> e <strong>Inmobiliaria e Infraestructura Portacelis<\/strong>.<\/p>\n\n\n\n<p class=\"wp-block-paragraph\">La cercan\u00eda de <strong>Jorge Am\u00edlcar Ol\u00e1n Aparicio<\/strong> con <strong>Andr\u00e9s Manuel L\u00f3pez Beltr\u00e1n<\/strong> ha elevado el costo pol\u00edtico del caso. Aunque el amparo concluy\u00f3 sin confirmar una orden de captura, el hecho de que el empresario buscara protecci\u00f3n frente a \u00e1reas especializadas en <strong>delincuencia organizada, delitos fiscales, lavado de dinero y corrupci\u00f3n<\/strong> muestra la dimensi\u00f3n de sus preocupaciones legales.<\/p>\n\n\n\n<p class=\"wp-block-paragraph\">Por ahora, no existe informaci\u00f3n p\u00fablica que confirme una orden de aprehensi\u00f3n contra <strong>Ol\u00e1n Aparicio<\/strong>. Lo que s\u00ed permanece abierto es el escrutinio sobre la red empresarial vinculada con su entorno y sobre la actuaci\u00f3n que adopte la <strong>FGR<\/strong> ante las denuncias fiscales relacionadas con <strong>Portacelis Gas and Oil<\/strong>.<\/p>\n","protected":false},"excerpt":{"rendered":"<p>El empresario cercano a Andr\u00e9s Manuel L\u00f3pez Beltr\u00e1n y presunto prestanombre denunci\u00f3 que polic\u00edas y militares vigilaron su domicilio. El juicio fue sobrese\u00eddo porque las autoridades negaron que existiera una orden de captura.<\/p>\n","protected":false},"author":1,"featured_media":4220,"comment_status":"closed","ping_status":"closed","sticky":false,"template":"","format":"standard","meta":{"twitterCardType":"","cardImageID":0,"cardImage":"","cardTitle":"","cardDesc":"","cardImageAlt":"","cardPlayer":"","cardPlayerWidth":0,"cardPlayerHeight":0,"cardPlayerStream":"","cardPlayerCodec":"","footnotes":""},"categories":[9,8],"tags":[1240,594,116,406,1428],"class_list":["post-4219","post","type-post","status-publish","format-standard","has-post-thumbnail","hentry","category-nacional","category-noticias","tag-amilcar-olan-aparicio","tag-andy-lopez-beltran","tag-fiscalia","tag-huachicol","tag-portacelis-gas-and-oil"],"_links":{"self":[{"href":"https:\/\/literalmex.com\/index.php\/wp-json\/wp\/v2\/posts\/4219","targetHints":{"allow":["GET"]}}],"collection":[{"href":"https:\/\/literalmex.com\/index.php\/wp-json\/wp\/v2\/posts"}],"about":[{"href":"https:\/\/literalmex.com\/index.php\/wp-json\/wp\/v2\/types\/post"}],"author":[{"embeddable":true,"href":"https:\/\/literalmex.com\/index.php\/wp-json\/wp\/v2\/users\/1"}],"replies":[{"embeddable":true,"href":"https:\/\/literalmex.com\/index.php\/wp-json\/wp\/v2\/comments?post=4219"}],"version-history":[{"count":1,"href":"https:\/\/literalmex.com\/index.php\/wp-json\/wp\/v2\/posts\/4219\/revisions"}],"predecessor-version":[{"id":4221,"href":"https:\/\/literalmex.com\/index.php\/wp-json\/wp\/v2\/posts\/4219\/revisions\/4221"}],"wp:featuredmedia":[{"embeddable":true,"href":"https:\/\/literalmex.com\/index.php\/wp-json\/wp\/v2\/media\/4220"}],"wp:attachment":[{"href":"https:\/\/literalmex.com\/index.php\/wp-json\/wp\/v2\/media?parent=4219"}],"wp:term":[{"taxonomy":"category","embeddable":true,"href":"https:\/\/literalmex.com\/index.php\/wp-json\/wp\/v2\/categories?post=4219"},{"taxonomy":"post_tag","embeddable":true,"href":"https:\/\/literalmex.com\/index.php\/wp-json\/wp\/v2\/tags?post=4219"}],"curies":[{"name":"wp","href":"https:\/\/api.w.org\/{rel}","templated":true}]}}