{"id":4222,"date":"2026-09-04T20:32:33","date_gmt":"2026-09-04T20:32:33","guid":{"rendered":"https:\/\/literalmex.com\/?p=4222"},"modified":"2026-09-04T21:07:55","modified_gmt":"2026-09-04T21:07:55","slug":"sheinbaum-reconoce-trabajo-de-david-monreal-y-destaca-reduccion-de-homicidios-en-zacatecas","status":"publish","type":"post","link":"https:\/\/literalmex.com\/index.php\/2026\/09\/04\/sheinbaum-reconoce-trabajo-de-david-monreal-y-destaca-reduccion-de-homicidios-en-zacatecas\/","title":{"rendered":"Sheinbaum reconoce trabajo de David Monreal  y destaca reducci\u00f3n de homicidios en Zacatecas"},"content":{"rendered":"\n<p class=\"wp-block-paragraph\">La visita de la Presidenta <strong>Claudia Sheinbaum Pardo<\/strong> a <strong>Zacatecas<\/strong> se convirti\u00f3 en un acto de respaldo pol\u00edtico al Gobernador <strong>David Monreal \u00c1vila<\/strong>, cuya administraci\u00f3n fue reconocida por los resultados oficiales presentados en materia de seguridad.<\/p>\n\n\n\n<p class=\"wp-block-paragraph\"><strong>Zacatecas<\/strong> fue la tercera entidad incluida en la gira nacional emprendida por <strong>Sheinbaum<\/strong> con motivo de su <strong>Segundo Informe de Gobierno<\/strong>. De acuerdo con las autoridades estatales, m\u00e1s de <strong>15 mil personas<\/strong> procedentes de distintos municipios se congregaron en la <strong>Plaza de Armas<\/strong> de la capital para escuchar el balance de la mandataria.<\/p>\n\n\n\n<figure class=\"wp-block-image size-large\"><img fetchpriority=\"high\" decoding=\"async\" width=\"1024\" height=\"682\" src=\"https:\/\/literalmex.com\/wp-content\/uploads\/2026\/09\/5-1024x682.jpeg\" alt=\"\" class=\"wp-image-4228\" srcset=\"https:\/\/literalmex.com\/wp-content\/uploads\/2026\/09\/5-1024x682.jpeg 1024w, https:\/\/literalmex.com\/wp-content\/uploads\/2026\/09\/5-300x200.jpeg 300w, https:\/\/literalmex.com\/wp-content\/uploads\/2026\/09\/5-768x511.jpeg 768w, https:\/\/literalmex.com\/wp-content\/uploads\/2026\/09\/5.jpeg 1280w\" sizes=\"(max-width: 1024px) 100vw, 1024px\" \/><\/figure>\n\n\n\n<p class=\"wp-block-paragraph\">Durante el acto, <strong>David Monreal<\/strong> agradeci\u00f3 el apoyo del <strong>Gobierno de M\u00e9xico<\/strong> y sostuvo que la coordinaci\u00f3n con la Federaci\u00f3n ha permitido avanzar en \u00e1reas como <strong>seguridad, bienestar, educaci\u00f3n, salud, infraestructura y atenci\u00f3n al campo<\/strong>.<\/p>\n\n\n\n<p class=\"wp-block-paragraph\">El mandatario afirm\u00f3 que la pol\u00edtica aplicada en el estado busca traducir los principios de la <strong>Cuarta Transformaci\u00f3n<\/strong> en beneficios sociales concretos.<\/p>\n\n\n\n<p class=\"wp-block-paragraph\"><em>\u201cMenos pobreza y m\u00e1s pol\u00edtica social; menos privilegios y m\u00e1s derechos; menos desigualdad y m\u00e1s justicia; menos abandono y m\u00e1s oportunidades\u201d<\/em>, expres\u00f3 <strong>Monreal<\/strong> durante su mensaje de bienvenida.<\/p>\n\n\n\n<figure class=\"wp-block-image size-large\"><img decoding=\"async\" width=\"1024\" height=\"682\" src=\"https:\/\/literalmex.com\/wp-content\/uploads\/2026\/09\/3-1024x682.jpeg\" alt=\"\" class=\"wp-image-4225\" srcset=\"https:\/\/literalmex.com\/wp-content\/uploads\/2026\/09\/3-1024x682.jpeg 1024w, https:\/\/literalmex.com\/wp-content\/uploads\/2026\/09\/3-768x511.jpeg 768w, https:\/\/literalmex.com\/wp-content\/uploads\/2026\/09\/3-300x200.jpeg 300w, https:\/\/literalmex.com\/wp-content\/uploads\/2026\/09\/3.jpeg 1280w\" sizes=\"(max-width: 1024px) 100vw, 1024px\" \/><\/figure>\n\n\n\n<p class=\"wp-block-paragraph\">Uno de los temas centrales de la visita fue la situaci\u00f3n de seguridad en la entidad. Durante <strong>La Ma\u00f1anera del Pueblo<\/strong>, realizada desde Zacatecas, integrantes del <strong>Gabinete de Seguridad<\/strong>, entre ellos el Secretario de Seguridad y Protecci\u00f3n Ciudadana, <strong>Omar Garc\u00eda Harfuch<\/strong>, presentaron los resultados de las acciones emprendidas conjuntamente por autoridades federales y estatales.<\/p>\n\n\n\n<p class=\"wp-block-paragraph\">Seg\u00fan las cifras expuestas por el <strong>Gobierno de M\u00e9xico<\/strong>, el promedio diario de <strong>homicidios dolosos<\/strong> disminuy\u00f3 <strong>96 por ciento entre 2021 y 2026<\/strong>, al pasar de <strong>4.5 a 0.2 casos diarios<\/strong>. La comparaci\u00f3n toma como punto de partida uno de los a\u00f1os m\u00e1s violentos para Zacatecas y llega hasta el promedio reportado durante 2026.<\/p>\n\n\n\n<figure class=\"wp-block-image size-large\"><img decoding=\"async\" width=\"1280\" height=\"852\" src=\"https:\/\/literalmex.com\/wp-content\/uploads\/2026\/09\/2-1024x682.jpeg\" alt=\"\" class=\"wp-image-4230\" srcset=\"https:\/\/literalmex.com\/wp-content\/uploads\/2026\/09\/2-1024x682.jpeg 1024w, https:\/\/literalmex.com\/wp-content\/uploads\/2026\/09\/2-300x200.jpeg 300w, https:\/\/literalmex.com\/wp-content\/uploads\/2026\/09\/2-768x511.jpeg 768w, https:\/\/literalmex.com\/wp-content\/uploads\/2026\/09\/2.jpeg 1280w\" sizes=\"(max-width: 1280px) 100vw, 1280px\" \/><\/figure>\n\n\n\n<p class=\"wp-block-paragraph\"><strong>Claudia Sheinbaum<\/strong> atribuy\u00f3 esta reducci\u00f3n a una estrategia basada en la <strong>coordinaci\u00f3n institucional<\/strong>, el fortalecimiento de las corporaciones policiales, el uso de tecnolog\u00eda, las labores de investigaci\u00f3n y la atenci\u00f3n de las causas sociales asociadas con la violencia.<\/p>\n\n\n\n<p class=\"wp-block-paragraph\">El reconocimiento presidencial representa tambi\u00e9n un respaldo a la administraci\u00f3n de <strong>David Monreal<\/strong>, despu\u00e9s de que Zacatecas atraves\u00f3 durante varios a\u00f1os una crisis provocada por la disputa entre organizaciones criminales y por el incremento de asesinatos, desapariciones y otros delitos de alto impacto.<\/p>\n\n\n\n<p class=\"wp-block-paragraph\">Como parte del fortalecimiento de las corporaciones locales, <strong>Monreal<\/strong> inform\u00f3 que al comienzo de su Gobierno hab\u00eda polic\u00edas municipales que recib\u00edan poco m\u00e1s de <strong>3 mil pesos mensuales<\/strong>, mientras que actualmente ning\u00fan elemento percibe menos de <strong>18 mil pesos al mes<\/strong>.<\/p>\n\n\n\n<figure class=\"wp-block-image size-large\"><img loading=\"lazy\" decoding=\"async\" width=\"1024\" height=\"682\" src=\"https:\/\/literalmex.com\/wp-content\/uploads\/2026\/09\/6-1024x682.jpeg\" alt=\"\" class=\"wp-image-4233\" srcset=\"https:\/\/literalmex.com\/wp-content\/uploads\/2026\/09\/6-1024x682.jpeg 1024w, https:\/\/literalmex.com\/wp-content\/uploads\/2026\/09\/6-300x200.jpeg 300w, https:\/\/literalmex.com\/wp-content\/uploads\/2026\/09\/6-767x511.jpeg 767w, https:\/\/literalmex.com\/wp-content\/uploads\/2026\/09\/6.jpeg 1280w\" sizes=\"(max-width: 1024px) 100vw, 1024px\" \/><\/figure>\n\n\n\n<p class=\"wp-block-paragraph\">La Presidenta consider\u00f3 que el aumento salarial contribuye a la profesionalizaci\u00f3n policial y puede generar un mayor compromiso de los agentes con la poblaci\u00f3n. A esta medida, explicaron las autoridades, se a\u00f1adieron inversiones en <strong>equipamiento, tecnolog\u00eda e infraestructura operativa y de inteligencia<\/strong>.<\/p>\n\n\n\n<p class=\"wp-block-paragraph\"><strong>Omar Garc\u00eda Harfuch<\/strong> destac\u00f3 la colaboraci\u00f3n entre las instituciones estatales, el <strong>Ej\u00e9rcito Mexicano<\/strong>, la <strong>Guardia Nacional<\/strong> y las dependencias integradas en la <strong>Mesa Estatal de Construcci\u00f3n de Paz<\/strong>. Asegur\u00f3 que esa coordinaci\u00f3n ha permitido actuar contra los principales generadores de violencia y mantener la tendencia descendente de los delitos.<\/p>\n\n\n\n<p class=\"wp-block-paragraph\">M\u00e1s all\u00e1 del balance de seguridad, <strong>Sheinbaum<\/strong> defendi\u00f3 la permanencia y ampliaci\u00f3n de los <strong>Programas para el Bienestar<\/strong>, as\u00ed como las becas destinadas a ni\u00f1as, ni\u00f1os y j\u00f3venes. La mandataria sostuvo que estos apoyos ya no deben considerarse concesiones gubernamentales, sino <strong>derechos sociales<\/strong>.<\/p>\n\n\n\n<p class=\"wp-block-paragraph\">Por su parte, <strong>David Monreal<\/strong> present\u00f3 la recuperaci\u00f3n de la seguridad como una tarea colectiva y reconoci\u00f3 la intervenci\u00f3n de las fuerzas federales durante los a\u00f1os m\u00e1s cr\u00edticos para el estado.<\/p>\n\n\n\n<p class=\"wp-block-paragraph\"><em>\u201cGracias, Presidenta, por nunca dejarnos solos y por demostrar que la mejor estrategia para lograr la paz es la coordinaci\u00f3n y la unidad\u201d<\/em>, declar\u00f3.<\/p>\n\n\n\n<p class=\"wp-block-paragraph\">La concentraci\u00f3n en la <strong>Plaza de Armas<\/strong> permiti\u00f3 a <strong>Claudia Sheinbaum<\/strong> mostrar capacidad de convocatoria durante el inicio de su recorrido nacional, mientras que <strong>David Monreal<\/strong> aprovech\u00f3 la visita para reafirmar su alineamiento con el proyecto presidencial y con el denominado <strong>segundo piso de la Cuarta Transformaci\u00f3n<\/strong>.<\/p>\n\n\n\n<figure class=\"wp-block-image size-large\"><img loading=\"lazy\" decoding=\"async\" width=\"1024\" height=\"646\" src=\"https:\/\/literalmex.com\/wp-content\/uploads\/2026\/04\/plata-card-1024x646.jpg\" alt=\"\" class=\"wp-image-3411\" srcset=\"https:\/\/literalmex.com\/wp-content\/uploads\/2026\/04\/plata-card-1024x646.jpg 1024w, https:\/\/literalmex.com\/wp-content\/uploads\/2026\/04\/plata-card-300x189.jpg 300w, https:\/\/literalmex.com\/wp-content\/uploads\/2026\/04\/plata-card-768x484.jpg 768w, https:\/\/literalmex.com\/wp-content\/uploads\/2026\/04\/plata-card.jpg 1080w\" sizes=\"(max-width: 1024px) 100vw, 1024px\" \/><\/figure>\n\n\n\n<p class=\"wp-block-paragraph\">El Gobernador asegur\u00f3 que <strong>Zacatecas<\/strong> continuar\u00e1 trabajando junto con la Federaci\u00f3n para consolidar la reducci\u00f3n de la violencia y ampliar las pol\u00edticas de bienestar.<\/p>\n","protected":false},"excerpt":{"rendered":"<p>La Presidenta reconoci\u00f3 la estrategia de seguridad estatal ante m\u00e1s de 15 mil asistentes y asegur\u00f3 que los homicidios dolosos disminuyeron 96 por ciento entre 2021 y 2026.<\/p>\n","protected":false},"author":1,"featured_media":4223,"comment_status":"closed","ping_status":"closed","sticky":false,"template":"","format":"standard","meta":{"twitterCardType":"","cardImageID":0,"cardImage":"","cardTitle":"","cardDesc":"","cardImageAlt":"","cardPlayer":"","cardPlayerWidth":0,"cardPlayerHeight":0,"cardPlayerStream":"","cardPlayerCodec":"","footnotes":""},"categories":[9,8],"tags":[129,557,258,231],"class_list":["post-4222","post","type-post","status-publish","format-standard","has-post-thumbnail","hentry","category-nacional","category-noticias","tag-claudia-sheinbaum","tag-david-monreal","tag-omar-garcia-harfuch","tag-zacatecas"],"_links":{"self":[{"href":"https:\/\/literalmex.com\/index.php\/wp-json\/wp\/v2\/posts\/4222","targetHints":{"allow":["GET"]}}],"collection":[{"href":"https:\/\/literalmex.com\/index.php\/wp-json\/wp\/v2\/posts"}],"about":[{"href":"https:\/\/literalmex.com\/index.php\/wp-json\/wp\/v2\/types\/post"}],"author":[{"embeddable":true,"href":"https:\/\/literalmex.com\/index.php\/wp-json\/wp\/v2\/users\/1"}],"replies":[{"embeddable":true,"href":"https:\/\/literalmex.com\/index.php\/wp-json\/wp\/v2\/comments?post=4222"}],"version-history":[{"count":6,"href":"https:\/\/literalmex.com\/index.php\/wp-json\/wp\/v2\/posts\/4222\/revisions"}],"predecessor-version":[{"id":4235,"href":"https:\/\/literalmex.com\/index.php\/wp-json\/wp\/v2\/posts\/4222\/revisions\/4235"}],"wp:featuredmedia":[{"embeddable":true,"href":"https:\/\/literalmex.com\/index.php\/wp-json\/wp\/v2\/media\/4223"}],"wp:attachment":[{"href":"https:\/\/literalmex.com\/index.php\/wp-json\/wp\/v2\/media?parent=4222"}],"wp:term":[{"taxonomy":"category","embeddable":true,"href":"https:\/\/literalmex.com\/index.php\/wp-json\/wp\/v2\/categories?post=4222"},{"taxonomy":"post_tag","embeddable":true,"href":"https:\/\/literalmex.com\/index.php\/wp-json\/wp\/v2\/tags?post=4222"}],"curies":[{"name":"wp","href":"https:\/\/api.w.org\/{rel}","templated":true}]}}