{"id":694,"date":"2024-01-27T16:23:44","date_gmt":"2024-01-27T16:23:44","guid":{"rendered":"https:\/\/literalmex.com\/?p=694"},"modified":"2024-01-27T19:43:39","modified_gmt":"2024-01-27T19:43:39","slug":"planta-solar-de-la-central-de-abasto-cdmx-la-mas-grande-del-continente-tatiana-cluthier","status":"publish","type":"post","link":"https:\/\/literalmex.com\/index.php\/2024\/01\/27\/planta-solar-de-la-central-de-abasto-cdmx-la-mas-grande-del-continente-tatiana-cluthier\/","title":{"rendered":"Planta Solar de la Central de Abasto CDMX, la m\u00e1s grande del continente: Tatiana Clouthier"},"content":{"rendered":"\n<p><strong>Tatiana Clouthier Carrillo<\/strong> asegur\u00f3 este s\u00e1bado mediante su cuenta de &#8220;X&#8221; que la Central Fotovoltaica de la Central de Abasto de la Ciudad de M\u00e9xico -bajo la direcci\u00f3n de <strong>Marcela Villegas Silva<\/strong>-, es la m\u00e1s grande del continente, y uno de los grandes logros de <strong>Claudia Sheinbaum Pardo<\/strong>, ahora precandidata presidencial por Morena, PT y PVEM.<\/p>\n\n\n\n<p>La hija de <strong>Manuel Clouthier del Rinc\u00f3n<\/strong> &#8220;Maqu\u00edo&#8221;, fue coordinadora de campa\u00f1a de <strong>Andr\u00e9s Manuel L\u00f3pez Obrador<\/strong>, posteriormente senadora y Secretaria de Econom\u00eda del gobierno federal, y actualmente ocupa el cargo de Coordinadora de Voceros de Sheinbaum Pardo.<\/p>\n\n\n\n<p>la Central Fotovolt\u00e1ica cuenta con miles de metros cuadrados de p\u00e1neles solares, en los techos de la Central de Abasto de la CDMX con un avance que alcanzar\u00e1 el 80% en febrero.<\/p>\n\n\n\n<p>Se instalaron dos Sistemas de Generaci\u00f3n Distribuida para el suministro de energ\u00eda, que atender\u00e1 parcialmente la operaci\u00f3n diaria de la Central de Abasto con una capacidad total en su terminaci\u00f3n de m\u00e1s de 16 megawatts, con la potencia de suministrar energ\u00eda para cargas de consideraci\u00f3n del Gobierno de la Ciudad, o para la compra y venta de energ\u00eda, a trav\u00e9s de la Comisi\u00f3n Federal de Electricidad.\u00a0<\/p>\n\n\n\n<p>Una vez conclu\u00eddo el proyecto, entre los beneficios est\u00e1 la mitigaci\u00f3n de m\u00e1s de once mil toneladas de emisiones de di\u00f3xido de carbono.<\/p>\n\n\n\n<figure class=\"wp-block-embed is-type-rich is-provider-twitter wp-block-embed-twitter\"><div class=\"wp-block-embed__wrapper\">\n<blockquote class=\"twitter-tweet\" data-width=\"550\" data-dnt=\"true\"><p lang=\"es\" dir=\"ltr\">La Central Fotovolt\u00e1ica de la Central de Abasto CDMX ya opera y est\u00e1 a punto del 80%, miles de metros de paneles evitar\u00e1n la emisi\u00f3n de 11 mil toneladas de di\u00f3xido de carbono. La protecci\u00f3n al medio ambiente, prioridad de la <a href=\"https:\/\/twitter.com\/CdeAbastoCDMX?ref_src=twsrc%5Etfw\">@CdeAbastoCDMX<\/a> <a href=\"https:\/\/twitter.com\/MarcelaVilleg15?ref_src=twsrc%5Etfw\">@MarcelaVilleg15<\/a> <a href=\"https:\/\/t.co\/bB2bYWWv0C\">pic.twitter.com\/bB2bYWWv0C<\/a><\/p>&mdash; Literal M\u00e9xico (@literalmexico) <a href=\"https:\/\/twitter.com\/literalmexico\/status\/1747260310107705451?ref_src=twsrc%5Etfw\">January 16, 2024<\/a><\/blockquote><script async src=\"https:\/\/platform.twitter.com\/widgets.js\" charset=\"utf-8\"><\/script>\n<\/div><\/figure>\n\n\n\n<figure class=\"wp-block-embed is-type-rich is-provider-twitter wp-block-embed-twitter\"><div class=\"wp-block-embed__wrapper\">\n<blockquote class=\"twitter-tweet\" data-width=\"550\" data-dnt=\"true\"><p lang=\"es\" dir=\"ltr\"><a href=\"https:\/\/twitter.com\/hashtag\/BuenosDias?src=hash&amp;ref_src=twsrc%5Etfw\">#BuenosDias<\/a> y mejor s\u00e1bado. <a href=\"https:\/\/twitter.com\/hashtag\/LogrosClaudia?src=hash&amp;ref_src=twsrc%5Etfw\">#LogrosClaudia<\/a> sin duda uno m\u00e1s, la construcci\u00f3n de la planta solar m\u00e1s grande del continente, ubicada en Central de Abastos.<\/p>&mdash; Tatiana Clouthier (@tatclouthier) <a href=\"https:\/\/twitter.com\/tatclouthier\/status\/1751261215882346597?ref_src=twsrc%5Etfw\">January 27, 2024<\/a><\/blockquote><script async src=\"https:\/\/platform.twitter.com\/widgets.js\" charset=\"utf-8\"><\/script>\n<\/div><\/figure>\n\n\n\n<p><\/p>\n\n\n\n<p><\/p>\n","protected":false},"excerpt":{"rendered":"<p>La ex Secretaria de Econom\u00eda asegur\u00f3 que el proyecto de la CEDA es uno de los grandes logros de Claudia Sheinbaum <\/p>\n","protected":false},"author":1,"featured_media":696,"comment_status":"closed","ping_status":"closed","sticky":false,"template":"","format":"standard","meta":{"twitterCardType":"","cardImageID":0,"cardImage":"","cardTitle":"","cardDesc":"","cardImageAlt":"","cardPlayer":"","cardPlayerWidth":0,"cardPlayerHeight":0,"cardPlayerStream":"","cardPlayerCodec":"","footnotes":""},"categories":[10,9,8],"tags":[130,186,129,184,183],"class_list":["post-694","post","type-post","status-publish","format-standard","has-post-thumbnail","hentry","category-ciudad","category-nacional","category-noticias","tag-central-de-abasto","tag-central-fotovoltaica-2","tag-claudia-sheinbaum","tag-marcela-villegas","tag-tatiana-clouthier"],"_links":{"self":[{"href":"https:\/\/literalmex.com\/index.php\/wp-json\/wp\/v2\/posts\/694","targetHints":{"allow":["GET"]}}],"collection":[{"href":"https:\/\/literalmex.com\/index.php\/wp-json\/wp\/v2\/posts"}],"about":[{"href":"https:\/\/literalmex.com\/index.php\/wp-json\/wp\/v2\/types\/post"}],"author":[{"embeddable":true,"href":"https:\/\/literalmex.com\/index.php\/wp-json\/wp\/v2\/users\/1"}],"replies":[{"embeddable":true,"href":"https:\/\/literalmex.com\/index.php\/wp-json\/wp\/v2\/comments?post=694"}],"version-history":[{"count":2,"href":"https:\/\/literalmex.com\/index.php\/wp-json\/wp\/v2\/posts\/694\/revisions"}],"predecessor-version":[{"id":698,"href":"https:\/\/literalmex.com\/index.php\/wp-json\/wp\/v2\/posts\/694\/revisions\/698"}],"wp:featuredmedia":[{"embeddable":true,"href":"https:\/\/literalmex.com\/index.php\/wp-json\/wp\/v2\/media\/696"}],"wp:attachment":[{"href":"https:\/\/literalmex.com\/index.php\/wp-json\/wp\/v2\/media?parent=694"}],"wp:term":[{"taxonomy":"category","embeddable":true,"href":"https:\/\/literalmex.com\/index.php\/wp-json\/wp\/v2\/categories?post=694"},{"taxonomy":"post_tag","embeddable":true,"href":"https:\/\/literalmex.com\/index.php\/wp-json\/wp\/v2\/tags?post=694"}],"curies":[{"name":"wp","href":"https:\/\/api.w.org\/{rel}","templated":true}]}}